{"id":932,"date":"2015-10-09T11:14:01","date_gmt":"2015-10-09T09:14:01","guid":{"rendered":"http:\/\/consejoescolar.educacion.navarra.es\/web1\/?p=932"},"modified":"2018-09-05T13:54:51","modified_gmt":"2018-09-05T11:54:51","slug":"prevenir-la-disfonia","status":"publish","type":"post","link":"https:\/\/consejoescolar.educacion.navarra.es\/web1\/2015\/10\/09\/prevenir-la-disfonia\/","title":{"rendered":"Prevenir la disfon\u00eda"},"content":{"rendered":"<p>Los docentes de centros escolares son los profesionales m\u00e1s afectados por la disfon\u00eda, con una prevalencia de un 57% y es la causa m\u00e1s frecuente de baja laboral.<!--more--><\/p>\n<p>Esta realidad anim\u00f3 a la logopeda Ainhoa Urra Barandiar\u00e1n a dise\u00f1ar un programa educativo vocal que se ha demostrado efectivo para reducir ese trastorno de la voz de los docentes de Infantil y Primaria.<\/p>\n<p>El trabajo, que forma parte de la tesis doctoral de Ainhoa Urra, se ha convertido en el primer estudio de estas caracter\u00edsticas a nivel estatal. El programa se aplic\u00f3 en siete centros escolares y cont\u00f3 con la participaci\u00f3n de 157 maestros y maestras.<\/p>\n<p><a href=\"http:\/\/consejoescolar.educacion.navarra.es\/web1\/wp-content\/uploads\/2015\/10\/kaboompics.com_Gold-cross-necklaces.jpg\"><img loading=\"lazy\" class=\"aligncenter wp-image-1288 \" src=\"http:\/\/consejoescolar.educacion.navarra.es\/web1\/wp-content\/uploads\/2015\/10\/kaboompics.com_Gold-cross-necklaces-300x230.jpg\" alt=\"disfonia\" width=\"348\" height=\"267\" srcset=\"https:\/\/consejoescolar.educacion.navarra.es\/web1\/wp-content\/uploads\/2015\/10\/kaboompics.com_Gold-cross-necklaces-300x230.jpg 300w, https:\/\/consejoescolar.educacion.navarra.es\/web1\/wp-content\/uploads\/2015\/10\/kaboompics.com_Gold-cross-necklaces-768x588.jpg 768w, https:\/\/consejoescolar.educacion.navarra.es\/web1\/wp-content\/uploads\/2015\/10\/kaboompics.com_Gold-cross-necklaces-1024x785.jpg 1024w\" sizes=\"(max-width: 348px) 100vw, 348px\" \/><\/a><\/p>\n<p>\u00abEl objetivo es poder extenderlo al mayor n\u00famero de colegios posibles. Para ello podr\u00eda formar a otros logopedas para que ellos a su vez formaran a sus compa\u00f1eros docentes\u00bb, son las palabras que dice Ainhoa Urra, que tambi\u00e9n es maestra de Audici\u00f3n y Lenguaje.<\/p>\n<p>La tesis doctoral, eval\u00faa la efectividad de un programa educativo\u00a0 vocal para la recuperaci\u00f3n de la disfon\u00eda y el descenso de la discapacidad vocal percibida por los docentes. Igualmente ofrece pautas para mejorar o mantener la calidad vocal e incrementar el cuidado de la voz, adquiriendo conocimiento sobre higiene y t\u00e9cnica vocal. Propone una gu\u00eda sencilla para que los docentes mejoren la calidad de su voz en su centro, y por otra, en que la eficacia del programa se ha evaluado mediante medidas instrumentales (videolaringoestroboscopia, etc.)<\/p>\n<p>\u00c9sta logopeda ha constatado que la disfon\u00eda afecta m\u00e1s a los docentes de Infantil y Primaria \u00abporque en las clases hay m\u00e1s ruido\u00bb y a los de euskera \u00abla lengua materna de la mayor\u00eda de ni\u00f1os es el castellano y los maestros tienen que repetir m\u00e1s las cosas para que lo entiendan\u00bb.<\/p>\n<p>Igualmente\u00a0 asegur\u00f3 que uno de los grandes retos es concierciar al profesorado de la importancia de tratar esta patolog\u00eda. \u00abSe creen que es normal sufrir disfon\u00eda or ser profesor pero no es as\u00ed y este trastorno tiene un impacto negativo en la calidad de vida del docente\u00bb.<\/p>\n<p>Haga click <a href=\"http:\/\/consejoescolar.educacion.navarra.es\/web1\/wp-content\/uploads\/2015\/10\/111.pdf\" target=\"_blank\" rel=\"noopener\">aqu\u00ed<\/a> para leer toda la noticia.<\/p>\n<p><em>Esta noticia se public\u00f3 el d\u00eda 29 de septiembre en el Diario de Noticias<\/em><\/p>\n<p>&nbsp;<\/p>\n","protected":false},"excerpt":{"rendered":"<p>Los docentes de centros escolares son los profesionales m\u00e1s afectados por la disfon\u00eda, con una prevalencia de un 57% y es la causa m\u00e1s frecuente de baja laboral.<\/p>\n","protected":false},"author":1,"featured_media":0,"comment_status":"closed","ping_status":"closed","sticky":false,"template":"","format":"standard","meta":{"_genesis_hide_title":false,"_genesis_hide_breadcrumbs":false,"_genesis_hide_singular_image":false,"_genesis_hide_footer_widgets":false,"_genesis_custom_body_class":"","_genesis_custom_post_class":"","_genesis_layout":"","jetpack_post_was_ever_published":false},"categories":[1],"tags":[],"jetpack_featured_media_url":"","_links":{"self":[{"href":"https:\/\/consejoescolar.educacion.navarra.es\/web1\/wp-json\/wp\/v2\/posts\/932"}],"collection":[{"href":"https:\/\/consejoescolar.educacion.navarra.es\/web1\/wp-json\/wp\/v2\/posts"}],"about":[{"href":"https:\/\/consejoescolar.educacion.navarra.es\/web1\/wp-json\/wp\/v2\/types\/post"}],"author":[{"embeddable":true,"href":"https:\/\/consejoescolar.educacion.navarra.es\/web1\/wp-json\/wp\/v2\/users\/1"}],"replies":[{"embeddable":true,"href":"https:\/\/consejoescolar.educacion.navarra.es\/web1\/wp-json\/wp\/v2\/comments?post=932"}],"version-history":[{"count":6,"href":"https:\/\/consejoescolar.educacion.navarra.es\/web1\/wp-json\/wp\/v2\/posts\/932\/revisions"}],"predecessor-version":[{"id":13326,"href":"https:\/\/consejoescolar.educacion.navarra.es\/web1\/wp-json\/wp\/v2\/posts\/932\/revisions\/13326"}],"wp:attachment":[{"href":"https:\/\/consejoescolar.educacion.navarra.es\/web1\/wp-json\/wp\/v2\/media?parent=932"}],"wp:term":[{"taxonomy":"category","embeddable":true,"href":"https:\/\/consejoescolar.educacion.navarra.es\/web1\/wp-json\/wp\/v2\/categories?post=932"},{"taxonomy":"post_tag","embeddable":true,"href":"https:\/\/consejoescolar.educacion.navarra.es\/web1\/wp-json\/wp\/v2\/tags?post=932"}],"curies":[{"name":"wp","href":"https:\/\/api.w.org\/{rel}","templated":true}]}}