{"id":8775,"date":"2017-10-23T16:55:26","date_gmt":"2017-10-23T14:55:26","guid":{"rendered":"http:\/\/consejoescolar.educacion.navarra.es\/web1\/?p=8775"},"modified":"2018-06-13T13:23:11","modified_gmt":"2018-06-13T11:23:11","slug":"el-ceip-de-ujue-premio-nacional-vicente-ferrer","status":"publish","type":"post","link":"https:\/\/consejoescolar.educacion.navarra.es\/web1\/2017\/10\/23\/el-ceip-de-ujue-premio-nacional-vicente-ferrer\/","title":{"rendered":"El CEIP de Uju\u00e9, premio nacional Vicente Ferrer"},"content":{"rendered":"<p>El Colegio de Educaci\u00f3n Infantil y Primaria de Uju\u00e9 ha sido galardonado con el Premio Nacional de Educaci\u00f3n para el Desarrollo \u00abVicente Ferrer\u00bb, en la categor\u00eda de Educaci\u00f3n Primaria.<\/p>\n<p><!--more--><\/p>\n<p><a href=\"http:\/\/consejoescolar.educacion.navarra.es\/web1\/wp-content\/uploads\/2017\/10\/PremioVicenteFerrer.jpg\"><img loading=\"lazy\" class=\"aligncenter size-medium wp-image-8778\" src=\"http:\/\/consejoescolar.educacion.navarra.es\/web1\/wp-content\/uploads\/2017\/10\/PremioVicenteFerrer-300x225.jpg\" alt=\"\" width=\"300\" height=\"225\" \/><\/a><\/p>\n<p>Esther Leza Ongay, directora y profesora del centro, ha sido la encargada de recoger el diploma, en un acto que ha contado con la presencia de la Consejera de Educaci\u00f3n, Mar\u00eda Solana.<\/p>\n<p>Este galard\u00f3n reconoce a\u00a0 aquellos centros educativos que durante el curso 2016\/2017 han desarrollado acciones, experiencias educativas, proyectos o propuestas pedag\u00f3gicas destinados a sensibilizar, concienciar, desarrollar el esp\u00edritu cr\u00edtico y fomentar la participaci\u00f3n activa del alumnado en la consecuci\u00f3n de una ciudadan\u00eda global, solidaria, comprometida con la erradicaci\u00f3n de la pobreza y el desarrollo humano y sostenible.<\/p>\n<p><em>Clic <a href=\"http:\/\/consejoescolar.educacion.navarra.es\/web1\/wp-content\/uploads\/2017\/10\/1336.pdf\">aqu\u00ed <\/a>para consultar la nota de prensa del Gobierno de Navarra. <a href=\"http:\/\/consejoescolar.educacion.navarra.es\/web1\/wp-content\/uploads\/2017\/10\/1337.pdf\" target=\"_blank\" rel=\"noopener\">Aqu\u00ed <\/a>para ver el art\u00edculo publicado en el Diario de Noticias. Y <a href=\"http:\/\/consejoescolar.educacion.navarra.es\/web1\/wp-content\/uploads\/2017\/10\/1338.pdf\">aqu\u00ed <\/a>para consultar la noticia publicada en el Diario de Navarra.<\/em><\/p>\n<p>&nbsp;<\/p>\n","protected":false},"excerpt":{"rendered":"<p>El Colegio de Educaci\u00f3n Infantil y Primaria de Uju\u00e9 ha sido galardonado con el Premio Nacional de Educaci\u00f3n para el Desarrollo \u00abVicente Ferrer\u00bb, en la categor\u00eda de Educaci\u00f3n Primaria.<\/p>\n","protected":false},"author":1,"featured_media":8778,"comment_status":"closed","ping_status":"closed","sticky":false,"template":"","format":"standard","meta":{"_genesis_hide_title":false,"_genesis_hide_breadcrumbs":false,"_genesis_hide_singular_image":false,"_genesis_hide_footer_widgets":false,"_genesis_custom_body_class":"","_genesis_custom_post_class":"","_genesis_layout":"","jetpack_post_was_ever_published":false},"categories":[1],"tags":[],"jetpack_featured_media_url":"https:\/\/consejoescolar.educacion.navarra.es\/web1\/wp-content\/uploads\/2017\/10\/PremioVicenteFerrer-e1508840852168.jpg","_links":{"self":[{"href":"https:\/\/consejoescolar.educacion.navarra.es\/web1\/wp-json\/wp\/v2\/posts\/8775"}],"collection":[{"href":"https:\/\/consejoescolar.educacion.navarra.es\/web1\/wp-json\/wp\/v2\/posts"}],"about":[{"href":"https:\/\/consejoescolar.educacion.navarra.es\/web1\/wp-json\/wp\/v2\/types\/post"}],"author":[{"embeddable":true,"href":"https:\/\/consejoescolar.educacion.navarra.es\/web1\/wp-json\/wp\/v2\/users\/1"}],"replies":[{"embeddable":true,"href":"https:\/\/consejoescolar.educacion.navarra.es\/web1\/wp-json\/wp\/v2\/comments?post=8775"}],"version-history":[{"count":12,"href":"https:\/\/consejoescolar.educacion.navarra.es\/web1\/wp-json\/wp\/v2\/posts\/8775\/revisions"}],"predecessor-version":[{"id":12681,"href":"https:\/\/consejoescolar.educacion.navarra.es\/web1\/wp-json\/wp\/v2\/posts\/8775\/revisions\/12681"}],"wp:featuredmedia":[{"embeddable":true,"href":"https:\/\/consejoescolar.educacion.navarra.es\/web1\/wp-json\/wp\/v2\/media\/8778"}],"wp:attachment":[{"href":"https:\/\/consejoescolar.educacion.navarra.es\/web1\/wp-json\/wp\/v2\/media?parent=8775"}],"wp:term":[{"taxonomy":"category","embeddable":true,"href":"https:\/\/consejoescolar.educacion.navarra.es\/web1\/wp-json\/wp\/v2\/categories?post=8775"},{"taxonomy":"post_tag","embeddable":true,"href":"https:\/\/consejoescolar.educacion.navarra.es\/web1\/wp-json\/wp\/v2\/tags?post=8775"}],"curies":[{"name":"wp","href":"https:\/\/api.w.org\/{rel}","templated":true}]}}