{"id":8138,"date":"2017-09-08T13:49:36","date_gmt":"2017-09-08T11:49:36","guid":{"rendered":"http:\/\/consejoescolar.educacion.navarra.es\/web1\/?p=8138"},"modified":"2018-06-19T15:03:51","modified_gmt":"2018-06-19T13:03:51","slug":"skolae-creciendo-en-igualdad","status":"publish","type":"post","link":"https:\/\/consejoescolar.educacion.navarra.es\/web1\/2017\/09\/08\/skolae-creciendo-en-igualdad\/","title":{"rendered":"Skolae, creciendo en igualdad"},"content":{"rendered":"<p>Los d\u00edas 13 y 14 de septiembre en Baluarte se celebraron las jornadas para presentar el programa de coeducaci\u00f3n \u201cSkolae, berdin bidean &#8211; creciendo en igualdad\u201d organizadas por el Departamento de Educaci\u00f3n del Gobierno de Navarra.<\/p>\n<p>&nbsp;<\/p>\n<p><!--more--><\/p>\n<p><img loading=\"lazy\" class=\"aligncenter wp-image-8185\" src=\"http:\/\/consejoescolar.educacion.navarra.es\/web1\/wp-content\/uploads\/2017\/09\/Skol-300x96.jpg\" alt=\"\" width=\"400\" height=\"128\" srcset=\"https:\/\/consejoescolar.educacion.navarra.es\/web1\/wp-content\/uploads\/2017\/09\/Skol-300x96.jpg 300w, https:\/\/consejoescolar.educacion.navarra.es\/web1\/wp-content\/uploads\/2017\/09\/Skol-768x246.jpg 768w, https:\/\/consejoescolar.educacion.navarra.es\/web1\/wp-content\/uploads\/2017\/09\/Skol.jpg 883w\" sizes=\"(max-width: 400px) 100vw, 400px\" \/><\/p>\n<p>&nbsp;<\/p>\n<p>SKOLAE pretende facilitar el aprendizaje de una competencia global que permita elegir a ni\u00f1os y ni\u00f1as el proyecto vital propio desde la libertad y la diversidad de opciones, sin condicionantes de g\u00e9nero, aprendiendo a identificar las desigualdades, a luchar contra ellas y a ejercer su derecho a la igualdad en el \u00e1mbito de su cultura, religi\u00f3n, clase social, situaci\u00f3n funcional, orientaci\u00f3n sexual, etc.<\/p>\n<p><a href=\"http:\/\/consejoescolar.educacion.navarra.es\/web1\/wp-content\/uploads\/2017\/09\/SKOLAE-Berdin-Bidean-Creciendo-en-Iguadad_Programa.pdf\">Aqu\u00ed <\/a>puedes consultar el plan de coeducaci\u00f3n 2017-2021 para los centros y comunidades educativas de Navarra presentado en las jornadas.<\/p>\n<p><em>Puedes leer el programa de las jornadas haciendo clic <a href=\"http:\/\/consejoescolar.educacion.navarra.es\/web1\/wp-content\/uploads\/2017\/09\/SKOLAE_Programa.pdf\">aqu\u00ed.\u00a0<\/a><\/em><\/p>\n<p><em>Haz clic <a href=\"http:\/\/consejoescolar.educacion.navarra.es\/web1\/wp-content\/uploads\/2017\/09\/1313.pdf\">aqu\u00ed\u00a0 <\/a>y <a href=\"http:\/\/consejoescolar.educacion.navarra.es\/web1\/wp-content\/uploads\/2017\/09\/1317.pdf\">aqu\u00ed <\/a>para leer la noticia publicada en el Diario de Noticias .<\/em><\/p>\n<p><em> Y, <a href=\"http:\/\/consejoescolar.educacion.navarra.es\/web1\/wp-content\/uploads\/2017\/09\/1314.pdf\">aqu\u00ed <\/a>y <a href=\"http:\/\/consejoescolar.educacion.navarra.es\/web1\/wp-content\/uploads\/2017\/09\/PresentaciondeSkolae.pdf\">aqu\u00ed<\/a> para ver las notas de prensa en la web del Gobierno de Navarra.<\/em><\/p>\n<p>&nbsp;<\/p>\n","protected":false},"excerpt":{"rendered":"<p>Los d\u00edas 13 y 14 de septiembre en Baluarte se celebraron las jornadas para presentar el programa de coeducaci\u00f3n \u201cSkolae, berdin bidean &#8211; creciendo en igualdad\u201d organizadas por el Departamento de Eduaci\u00f3n del Gobierno de Navarra.<\/p>\n","protected":false},"author":1,"featured_media":8185,"comment_status":"closed","ping_status":"closed","sticky":false,"template":"","format":"standard","meta":{"_genesis_hide_title":false,"_genesis_hide_breadcrumbs":false,"_genesis_hide_singular_image":false,"_genesis_hide_footer_widgets":false,"_genesis_custom_body_class":"","_genesis_custom_post_class":"","_genesis_layout":"","jetpack_post_was_ever_published":false},"categories":[1],"tags":[],"jetpack_featured_media_url":"https:\/\/consejoescolar.educacion.navarra.es\/web1\/wp-content\/uploads\/2017\/09\/Skol.jpg","_links":{"self":[{"href":"https:\/\/consejoescolar.educacion.navarra.es\/web1\/wp-json\/wp\/v2\/posts\/8138"}],"collection":[{"href":"https:\/\/consejoescolar.educacion.navarra.es\/web1\/wp-json\/wp\/v2\/posts"}],"about":[{"href":"https:\/\/consejoescolar.educacion.navarra.es\/web1\/wp-json\/wp\/v2\/types\/post"}],"author":[{"embeddable":true,"href":"https:\/\/consejoescolar.educacion.navarra.es\/web1\/wp-json\/wp\/v2\/users\/1"}],"replies":[{"embeddable":true,"href":"https:\/\/consejoescolar.educacion.navarra.es\/web1\/wp-json\/wp\/v2\/comments?post=8138"}],"version-history":[{"count":35,"href":"https:\/\/consejoescolar.educacion.navarra.es\/web1\/wp-json\/wp\/v2\/posts\/8138\/revisions"}],"predecessor-version":[{"id":12774,"href":"https:\/\/consejoescolar.educacion.navarra.es\/web1\/wp-json\/wp\/v2\/posts\/8138\/revisions\/12774"}],"wp:featuredmedia":[{"embeddable":true,"href":"https:\/\/consejoescolar.educacion.navarra.es\/web1\/wp-json\/wp\/v2\/media\/8185"}],"wp:attachment":[{"href":"https:\/\/consejoescolar.educacion.navarra.es\/web1\/wp-json\/wp\/v2\/media?parent=8138"}],"wp:term":[{"taxonomy":"category","embeddable":true,"href":"https:\/\/consejoescolar.educacion.navarra.es\/web1\/wp-json\/wp\/v2\/categories?post=8138"},{"taxonomy":"post_tag","embeddable":true,"href":"https:\/\/consejoescolar.educacion.navarra.es\/web1\/wp-json\/wp\/v2\/tags?post=8138"}],"curies":[{"name":"wp","href":"https:\/\/api.w.org\/{rel}","templated":true}]}}