{"id":7889,"date":"2017-08-14T12:47:33","date_gmt":"2017-08-14T10:47:33","guid":{"rendered":"http:\/\/consejoescolar.educacion.navarra.es\/web1\/?p=7889\/"},"modified":"2017-08-18T09:14:39","modified_gmt":"2017-08-18T07:14:39","slug":"mapa-bat-eskolan","status":"publish","type":"post","link":"https:\/\/consejoescolar.educacion.navarra.es\/web1\/2017\/08\/14\/mapa-bat-eskolan\/","title":{"rendered":"Un mapa en la escuela"},"content":{"rendered":"<p>La Agencia Espa\u00f1ola de Cooperaci\u00f3n Internacional para el Desarrollo (<a href=\"http:\/\/www.aecid.es\/ES\/Paginas\/Sala%20de%20Prensa\/Noticias\/2017\/2017_08\/Ganadores-Vicente-FerrerED.aspx\">AECID<\/a>) ha elegido al CEIP de Uju\u00e9 y otros 14 centros al lX Premio Nacional de Educaci\u00f3n para el Desarrollo Vicente Ferrer.<\/p>\n<p><!--more--><\/p>\n<p><a href=\"http:\/\/consejoescolar.educacion.navarra.es\/web1\/wp-content\/uploads\/2017\/08\/carrusel.jpg\"><img loading=\"lazy\" class=\"aligncenter size-medium wp-image-7894\" src=\"http:\/\/consejoescolar.educacion.navarra.es\/web1\/wp-content\/uploads\/2017\/08\/carrusel-300x152.jpg\" alt=\"\" width=\"300\" height=\"152\" srcset=\"https:\/\/consejoescolar.educacion.navarra.es\/web1\/wp-content\/uploads\/2017\/08\/carrusel-300x152.jpg 300w, https:\/\/consejoescolar.educacion.navarra.es\/web1\/wp-content\/uploads\/2017\/08\/carrusel.jpg 552w\" sizes=\"(max-width: 300px) 100vw, 300px\" \/><\/a><\/p>\n<p>El proyecto presentado ha sido un trabajo de los alumnos en favor de la eliminaci\u00f3n de la pobreza. Se denomina \u00ab<a href=\"http:\/\/cpujue.educacion.navarra.es\/blog\/2017\/03\/16-personas-de-6-paises-vienen-a-ujue-a-renovar-el-pueblo\/\">Un mapa en la escuela<\/a>\u00ab, y tiene su origen en las obras de renovaci\u00f3n de la red de aguas en el pueblo. La sorpresa provocada por la aparici\u00f3n de los restos de un individuo del siglo lV d. C. durante las excavaciones provoca y desencadena este trabajo que, en l\u00ednea de la educaci\u00f3n transformadora, aborda los grandes problemas con los que se topa gran parte de la ciudadan\u00eda en el mundo.<\/p>\n<p><em>Puedes hacer click <a href=\"http:\/\/consejoescolar.educacion.navarra.es\/web1\/wp-content\/uploads\/2017\/08\/1266.pdf\">aqu\u00ed<\/a> para leer la noticia publicada el 7 de agosto en Diario de Noticias.<br \/>\n<\/em><\/p>\n<p>&nbsp;<\/p>\n<p><span id=\"DeltaPlaceHolderMain\">\u00a0<\/span><\/p>\n","protected":false},"excerpt":{"rendered":"<p>La Agencia Espa\u00f1ola de Cooperaci\u00f3n Internacional para el Desarrollo (AECID) ha elegido al CEIP de Uju\u00e9 y otros 14 centros al lX Premio Nacional de Educaci\u00f3n para el Desarrollo Vicente Ferrer.<\/p>\n","protected":false},"author":1,"featured_media":0,"comment_status":"closed","ping_status":"closed","sticky":false,"template":"","format":"standard","meta":{"_genesis_hide_title":false,"_genesis_hide_breadcrumbs":false,"_genesis_hide_singular_image":false,"_genesis_hide_footer_widgets":false,"_genesis_custom_body_class":"","_genesis_custom_post_class":"","_genesis_layout":"","jetpack_post_was_ever_published":false},"categories":[1],"tags":[],"jetpack_featured_media_url":"","_links":{"self":[{"href":"https:\/\/consejoescolar.educacion.navarra.es\/web1\/wp-json\/wp\/v2\/posts\/7889"}],"collection":[{"href":"https:\/\/consejoescolar.educacion.navarra.es\/web1\/wp-json\/wp\/v2\/posts"}],"about":[{"href":"https:\/\/consejoescolar.educacion.navarra.es\/web1\/wp-json\/wp\/v2\/types\/post"}],"author":[{"embeddable":true,"href":"https:\/\/consejoescolar.educacion.navarra.es\/web1\/wp-json\/wp\/v2\/users\/1"}],"replies":[{"embeddable":true,"href":"https:\/\/consejoescolar.educacion.navarra.es\/web1\/wp-json\/wp\/v2\/comments?post=7889"}],"version-history":[{"count":9,"href":"https:\/\/consejoescolar.educacion.navarra.es\/web1\/wp-json\/wp\/v2\/posts\/7889\/revisions"}],"predecessor-version":[{"id":7923,"href":"https:\/\/consejoescolar.educacion.navarra.es\/web1\/wp-json\/wp\/v2\/posts\/7889\/revisions\/7923"}],"wp:attachment":[{"href":"https:\/\/consejoescolar.educacion.navarra.es\/web1\/wp-json\/wp\/v2\/media?parent=7889"}],"wp:term":[{"taxonomy":"category","embeddable":true,"href":"https:\/\/consejoescolar.educacion.navarra.es\/web1\/wp-json\/wp\/v2\/categories?post=7889"},{"taxonomy":"post_tag","embeddable":true,"href":"https:\/\/consejoescolar.educacion.navarra.es\/web1\/wp-json\/wp\/v2\/tags?post=7889"}],"curies":[{"name":"wp","href":"https:\/\/api.w.org\/{rel}","templated":true}]}}