{"id":7522,"date":"2017-06-05T10:59:52","date_gmt":"2017-06-05T08:59:52","guid":{"rendered":"http:\/\/consejoescolar.educacion.navarra.es\/web1\/?p=7522\/"},"modified":"2018-01-24T08:21:18","modified_gmt":"2018-01-24T07:21:18","slug":"leitza-paso-a-paso","status":"publish","type":"post","link":"https:\/\/consejoescolar.educacion.navarra.es\/web1\/2017\/06\/05\/leitza-paso-a-paso\/","title":{"rendered":"Leitza paso a paso"},"content":{"rendered":"<p>Alumnas y alumnos del instituto Amazabal han elaborado un estudio sobre movilidad, e invitan a reflexionar sobre el excesivo e incorrecto uso del coche. Lo hacen con un video, y con m\u00fasica en la calle.<\/p>\n<p><!--more--><\/p>\n<p><img loading=\"lazy\" class=\"aligncenter size-full wp-image-7523\" src=\"http:\/\/consejoescolar.educacion.navarra.es\/web1\/wp-content\/uploads\/2017\/06\/aldapangora.jpg\" alt=\"\" width=\"1804\" height=\"645\" srcset=\"https:\/\/consejoescolar.educacion.navarra.es\/web1\/wp-content\/uploads\/2017\/06\/aldapangora.jpg 1804w, https:\/\/consejoescolar.educacion.navarra.es\/web1\/wp-content\/uploads\/2017\/06\/aldapangora-300x107.jpg 300w, https:\/\/consejoescolar.educacion.navarra.es\/web1\/wp-content\/uploads\/2017\/06\/aldapangora-768x275.jpg 768w, https:\/\/consejoescolar.educacion.navarra.es\/web1\/wp-content\/uploads\/2017\/06\/aldapangora-1024x366.jpg 1024w\" sizes=\"(max-width: 1804px) 100vw, 1804px\" \/><\/p>\n<p>Los alumnos de Bachiller prepararon un informe llamado \u2018Leitza Urratsez urrats\u2019 y se lo entregaron<br \/>\nal alcalde, Mikel Zabaleta, en el Ayuntamiento, con intenci\u00f3n de que puedan implantar alguna medida en favor del peat\u00f3n.<\/p>\n<p><em>Haz click <a href=\"http:\/\/consejoescolar.educacion.navarra.es\/web1\/wp-content\/uploads\/2017\/06\/1230.pdf\">aqu\u00ed<\/a> para leer, al completo, la noticia publicada por Diario de Navarra. Haciendo click <a href=\"https:\/\/sites.google.com\/a\/educacion.navarra.es\/amazabalbhi\/\">aqu\u00ed<\/a> podr\u00e1s acceder a la p\u00e1gina web de IES Amazabal donde est\u00e1n disponibles el videoclip, la coreograf\u00eda y el cartel de los eventos.\u00a0<\/em><\/p>\n","protected":false},"excerpt":{"rendered":"<p>Alumnas y alumnos del instituto Amazabal han elaborado un estudio sobre movilidad, e invitan a reflexionar sobre el excesivo e incorrecto uso del coche. Lo hacen con un video, y con m\u00fasica en la calle.<\/p>\n","protected":false},"author":1,"featured_media":7523,"comment_status":"closed","ping_status":"closed","sticky":false,"template":"","format":"standard","meta":{"_genesis_hide_title":false,"_genesis_hide_breadcrumbs":false,"_genesis_hide_singular_image":false,"_genesis_hide_footer_widgets":false,"_genesis_custom_body_class":"","_genesis_custom_post_class":"","_genesis_layout":"","jetpack_post_was_ever_published":false},"categories":[1],"tags":[],"jetpack_featured_media_url":"https:\/\/consejoescolar.educacion.navarra.es\/web1\/wp-content\/uploads\/2017\/06\/aldapangora.jpg","_links":{"self":[{"href":"https:\/\/consejoescolar.educacion.navarra.es\/web1\/wp-json\/wp\/v2\/posts\/7522"}],"collection":[{"href":"https:\/\/consejoescolar.educacion.navarra.es\/web1\/wp-json\/wp\/v2\/posts"}],"about":[{"href":"https:\/\/consejoescolar.educacion.navarra.es\/web1\/wp-json\/wp\/v2\/types\/post"}],"author":[{"embeddable":true,"href":"https:\/\/consejoescolar.educacion.navarra.es\/web1\/wp-json\/wp\/v2\/users\/1"}],"replies":[{"embeddable":true,"href":"https:\/\/consejoescolar.educacion.navarra.es\/web1\/wp-json\/wp\/v2\/comments?post=7522"}],"version-history":[{"count":7,"href":"https:\/\/consejoescolar.educacion.navarra.es\/web1\/wp-json\/wp\/v2\/posts\/7522\/revisions"}],"predecessor-version":[{"id":10004,"href":"https:\/\/consejoescolar.educacion.navarra.es\/web1\/wp-json\/wp\/v2\/posts\/7522\/revisions\/10004"}],"wp:featuredmedia":[{"embeddable":true,"href":"https:\/\/consejoescolar.educacion.navarra.es\/web1\/wp-json\/wp\/v2\/media\/7523"}],"wp:attachment":[{"href":"https:\/\/consejoescolar.educacion.navarra.es\/web1\/wp-json\/wp\/v2\/media?parent=7522"}],"wp:term":[{"taxonomy":"category","embeddable":true,"href":"https:\/\/consejoescolar.educacion.navarra.es\/web1\/wp-json\/wp\/v2\/categories?post=7522"},{"taxonomy":"post_tag","embeddable":true,"href":"https:\/\/consejoescolar.educacion.navarra.es\/web1\/wp-json\/wp\/v2\/tags?post=7522"}],"curies":[{"name":"wp","href":"https:\/\/api.w.org\/{rel}","templated":true}]}}