{"id":7372,"date":"2017-06-02T10:00:02","date_gmt":"2017-06-02T08:00:02","guid":{"rendered":"http:\/\/consejoescolar.educacion.navarra.es\/web1\/?p=7372\/"},"modified":"2017-08-02T13:21:38","modified_gmt":"2017-08-02T11:21:38","slug":"con-los-ojos-de-la-infancia","status":"publish","type":"post","link":"https:\/\/consejoescolar.educacion.navarra.es\/web1\/2017\/06\/02\/con-los-ojos-de-la-infancia\/","title":{"rendered":"Con los ojos de la infancia"},"content":{"rendered":"<p>\u00bfC\u00f3mo se hace efectivo el derecho a la ciudad y al espacio p\u00fablico en particular desde la \u00f3ptica del\u00a0ni\u00f1o o la ni\u00f1a?\u00a0La investigaci\u00f3n busca dar respuesta a las relaciones que los ni\u00f1os y las ni\u00f1as establecen con los espacios de juego, en concreto en las dimensiones de la seguridad, la autonom\u00eda y la socializaci\u00f3n desde una perspectiva de g\u00e9nero.<!--more--><a href=\"http:\/\/consejoescolar.educacion.navarra.es\/web1\/wp-content\/uploads\/2017\/05\/aaron-burden-73461.jpg\"><img loading=\"lazy\" class=\"aligncenter size-medium wp-image-7376\" src=\"http:\/\/consejoescolar.educacion.navarra.es\/web1\/wp-content\/uploads\/2017\/05\/aaron-burden-73461-300x225.jpg\" alt=\"\" width=\"300\" height=\"225\" srcset=\"https:\/\/consejoescolar.educacion.navarra.es\/web1\/wp-content\/uploads\/2017\/05\/aaron-burden-73461-300x225.jpg 300w, https:\/\/consejoescolar.educacion.navarra.es\/web1\/wp-content\/uploads\/2017\/05\/aaron-burden-73461-768x577.jpg 768w, https:\/\/consejoescolar.educacion.navarra.es\/web1\/wp-content\/uploads\/2017\/05\/aaron-burden-73461-1024x769.jpg 1024w\" sizes=\"(max-width: 300px) 100vw, 300px\" \/><\/a><\/p>\n<p>El indicador ambiental que da muestra de que una ciudad goza de buena salud es la presencia de los ni\u00f1os jugando en la calle.\u00a0 Las plazas son tambi\u00e9n espacios apreciados de convivencia intergeneracional.<\/p>\n<p><em>Haciendo click <a href=\"http:\/\/consejoescolar.educacion.navarra.es\/web1\/wp-content\/uploads\/2017\/05\/1191.pdf\">aqu\u00ed<\/a> puedes leer la noticia publicada en mayo en el n\u00famero\u00a0261 de Aula de Innovaci\u00f3n Educativa.<\/em><\/p>\n<p>&nbsp;<\/p>\n","protected":false},"excerpt":{"rendered":"<p>\u00bfC\u00f3mo se hace efectivo el derecho a la ciudad y al espacio p\u00fablico en particular desde la \u00f3ptica del\u00a0ni\u00f1o o la ni\u00f1a?\u00a0La investigaci\u00f3n busca dar respuesta a las relaciones que los ni\u00f1os y las ni\u00f1as establecen con los espacios de juego, en concreto en las dimensiones de la seguridad, la autonom\u00eda y la socializaci\u00f3n desde [&hellip;]<\/p>\n","protected":false},"author":1,"featured_media":7376,"comment_status":"closed","ping_status":"closed","sticky":false,"template":"","format":"standard","meta":{"_genesis_hide_title":false,"_genesis_hide_breadcrumbs":false,"_genesis_hide_singular_image":false,"_genesis_hide_footer_widgets":false,"_genesis_custom_body_class":"","_genesis_custom_post_class":"","_genesis_layout":"","jetpack_post_was_ever_published":false},"categories":[1],"tags":[],"jetpack_featured_media_url":"https:\/\/consejoescolar.educacion.navarra.es\/web1\/wp-content\/uploads\/2017\/05\/aaron-burden-73461.jpg","_links":{"self":[{"href":"https:\/\/consejoescolar.educacion.navarra.es\/web1\/wp-json\/wp\/v2\/posts\/7372"}],"collection":[{"href":"https:\/\/consejoescolar.educacion.navarra.es\/web1\/wp-json\/wp\/v2\/posts"}],"about":[{"href":"https:\/\/consejoescolar.educacion.navarra.es\/web1\/wp-json\/wp\/v2\/types\/post"}],"author":[{"embeddable":true,"href":"https:\/\/consejoescolar.educacion.navarra.es\/web1\/wp-json\/wp\/v2\/users\/1"}],"replies":[{"embeddable":true,"href":"https:\/\/consejoescolar.educacion.navarra.es\/web1\/wp-json\/wp\/v2\/comments?post=7372"}],"version-history":[{"count":3,"href":"https:\/\/consejoescolar.educacion.navarra.es\/web1\/wp-json\/wp\/v2\/posts\/7372\/revisions"}],"predecessor-version":[{"id":7858,"href":"https:\/\/consejoescolar.educacion.navarra.es\/web1\/wp-json\/wp\/v2\/posts\/7372\/revisions\/7858"}],"wp:featuredmedia":[{"embeddable":true,"href":"https:\/\/consejoescolar.educacion.navarra.es\/web1\/wp-json\/wp\/v2\/media\/7376"}],"wp:attachment":[{"href":"https:\/\/consejoescolar.educacion.navarra.es\/web1\/wp-json\/wp\/v2\/media?parent=7372"}],"wp:term":[{"taxonomy":"category","embeddable":true,"href":"https:\/\/consejoescolar.educacion.navarra.es\/web1\/wp-json\/wp\/v2\/categories?post=7372"},{"taxonomy":"post_tag","embeddable":true,"href":"https:\/\/consejoescolar.educacion.navarra.es\/web1\/wp-json\/wp\/v2\/tags?post=7372"}],"curies":[{"name":"wp","href":"https:\/\/api.w.org\/{rel}","templated":true}]}}