{"id":7252,"date":"2017-05-25T13:31:08","date_gmt":"2017-05-25T11:31:08","guid":{"rendered":"http:\/\/consejoescolar.educacion.navarra.es\/web1\/?p=7252\/"},"modified":"2017-05-29T08:51:46","modified_gmt":"2017-05-29T06:51:46","slug":"a-pie-al-colegio","status":"publish","type":"post","link":"https:\/\/consejoescolar.educacion.navarra.es\/web1\/2017\/05\/25\/a-pie-al-colegio\/","title":{"rendered":"A pie al colegio"},"content":{"rendered":"<p>Zizur impulsa nueve rutas para que 800 escolares vayan a pie al colegio. \u00bfQu\u00e9 son los caminos escolares seguros? En Zizur Mayor, despu\u00e9s de dos a\u00f1os de trabajo, los profesores y Apymas de los tres centros escolares, el \u00e1rea municipal de Igualdad, Polic\u00eda Municipal, la corporaci\u00f3n y dem\u00e1s integrantes del Pacto Local por la Conciliaci\u00f3n lo saben muy bien: aquellas rutas que fomentan que los alumnos de entre 8 y 12 a\u00f1os acudan a pie hasta sus colegios en trazados donde el peligro se minimiza al m\u00e1ximo.<\/p>\n<p><!--more--><\/p>\n<p><img loading=\"lazy\" class=\"aligncenter size-full wp-image-7317\" src=\"http:\/\/consejoescolar.educacion.navarra.es\/web1\/wp-content\/uploads\/2017\/05\/ZizurZizur.jpg\" alt=\"\" width=\"665\" height=\"424\" srcset=\"https:\/\/consejoescolar.educacion.navarra.es\/web1\/wp-content\/uploads\/2017\/05\/ZizurZizur.jpg 665w, https:\/\/consejoescolar.educacion.navarra.es\/web1\/wp-content\/uploads\/2017\/05\/ZizurZizur-300x191.jpg 300w\" sizes=\"(max-width: 665px) 100vw, 665px\" \/><\/p>\n<p>El 5 de junio entrar\u00e1n en funcionamiento y en los tres primeros d\u00edas habr\u00e1 el acompa\u00f1amiento de monitores y polic\u00edas.<\/p>\n<p><em>Puedes hacer click <a href=\"http:\/\/consejoescolar.educacion.navarra.es\/web1\/wp-content\/uploads\/2017\/05\/CUATR\u00cdPTICO-def..pdf\">aqu\u00ed<\/a> para leer el cuatr\u00edptico editado desde Zizur. Puedes hacer click <a href=\"http:\/\/consejoescolar.educacion.navarra.es\/web1\/wp-content\/uploads\/2017\/05\/1213.pdf\">aqu\u00ed<\/a> y leer la noticia recogida en Diario de Navarra y <a href=\"http:\/\/consejoescolar.educacion.navarra.es\/web1\/wp-content\/uploads\/2017\/05\/1215.pdf\">aqu\u00ed<\/a> la publicada en Diario de Noticias. <a href=\"http:\/\/catalinadefoix.educacion.navarra.es\/web\/blog\/2017\/05\/17\/actividad-concienciacion\/#more-2005\">Aqu\u00ed<\/a> se puede leer la noticia subida por el colegio Catalina de Foix y <a href=\"http:\/\/consejoescolar.educacion.navarra.es\/web1\/wp-content\/uploads\/2017\/05\/camino_escolar_Paso_a_Paso.pdf\">aqu\u00ed<\/a> un pdf preparado por la DGT sobre este tema.<\/em><\/p>\n","protected":false},"excerpt":{"rendered":"<p>Zizur impulsa nueve rutas para que 800 escolares vayan a pie al colegio. \u00bfQu\u00e9 son los caminos escolares seguros? En Zizur Mayor, despu\u00e9s de dos a\u00f1os de trabajo, los profesores y Apymas de los tres centros escolares, el \u00e1rea municipal de Igualdad, Polic\u00eda Municipal, la corporaci\u00f3n y dem\u00e1s integrantes del Pacto Local por la Conciliaci\u00f3n lo saben muy bien: aquellas rutas que fomentan que los alumnos de entre 8 y 12 a\u00f1os acudan a pie hasta sus colegios en trazados donde el peligro se minimiza al m\u00e1ximo.<\/p>\n","protected":false},"author":1,"featured_media":7317,"comment_status":"closed","ping_status":"closed","sticky":false,"template":"","format":"standard","meta":{"_genesis_hide_title":false,"_genesis_hide_breadcrumbs":false,"_genesis_hide_singular_image":false,"_genesis_hide_footer_widgets":false,"_genesis_custom_body_class":"","_genesis_custom_post_class":"","_genesis_layout":"","jetpack_post_was_ever_published":false},"categories":[1],"tags":[],"jetpack_featured_media_url":"https:\/\/consejoescolar.educacion.navarra.es\/web1\/wp-content\/uploads\/2017\/05\/ZizurZizur.jpg","_links":{"self":[{"href":"https:\/\/consejoescolar.educacion.navarra.es\/web1\/wp-json\/wp\/v2\/posts\/7252"}],"collection":[{"href":"https:\/\/consejoescolar.educacion.navarra.es\/web1\/wp-json\/wp\/v2\/posts"}],"about":[{"href":"https:\/\/consejoescolar.educacion.navarra.es\/web1\/wp-json\/wp\/v2\/types\/post"}],"author":[{"embeddable":true,"href":"https:\/\/consejoescolar.educacion.navarra.es\/web1\/wp-json\/wp\/v2\/users\/1"}],"replies":[{"embeddable":true,"href":"https:\/\/consejoescolar.educacion.navarra.es\/web1\/wp-json\/wp\/v2\/comments?post=7252"}],"version-history":[{"count":6,"href":"https:\/\/consejoescolar.educacion.navarra.es\/web1\/wp-json\/wp\/v2\/posts\/7252\/revisions"}],"predecessor-version":[{"id":7321,"href":"https:\/\/consejoescolar.educacion.navarra.es\/web1\/wp-json\/wp\/v2\/posts\/7252\/revisions\/7321"}],"wp:featuredmedia":[{"embeddable":true,"href":"https:\/\/consejoescolar.educacion.navarra.es\/web1\/wp-json\/wp\/v2\/media\/7317"}],"wp:attachment":[{"href":"https:\/\/consejoescolar.educacion.navarra.es\/web1\/wp-json\/wp\/v2\/media?parent=7252"}],"wp:term":[{"taxonomy":"category","embeddable":true,"href":"https:\/\/consejoescolar.educacion.navarra.es\/web1\/wp-json\/wp\/v2\/categories?post=7252"},{"taxonomy":"post_tag","embeddable":true,"href":"https:\/\/consejoescolar.educacion.navarra.es\/web1\/wp-json\/wp\/v2\/tags?post=7252"}],"curies":[{"name":"wp","href":"https:\/\/api.w.org\/{rel}","templated":true}]}}