{"id":7209,"date":"2017-05-23T11:10:33","date_gmt":"2017-05-23T09:10:33","guid":{"rendered":"http:\/\/consejoescolar.educacion.navarra.es\/web1\/?p=7209\/"},"modified":"2017-05-23T11:10:33","modified_gmt":"2017-05-23T09:10:33","slug":"tiempo-fuera","status":"publish","type":"post","link":"https:\/\/consejoescolar.educacion.navarra.es\/web1\/2017\/05\/23\/tiempo-fuera\/","title":{"rendered":"Tiempo fuera"},"content":{"rendered":"<p>Los institutos de <a href=\"http:\/\/iesomendavia.educacion.navarra.es\/web\/\">Mendavia<\/a> y <a href=\"http:\/\/iesalhama.educacion.navarra.es\/web\/\">Corella<\/a> se han sumado recientemente al proyecto educativo \u00abTiempo fuera\u00bb, que ya se lleva a cabo en otros institutos como en el \u00ab<a href=\"http:\/\/iesoreynodenavarra.educacion.navarra.es\/web\/\">Reyno de Navarra<\/a>\u00bb de Azagra. \u00a0A trav\u00e9s de \u00e9l, los institutos ofrecen la oportunidad de prestar servicios sociales al alumnado expulsado.<\/p>\n<p><!--more--><\/p>\n<figure id=\"attachment_7210\" aria-describedby=\"caption-attachment-7210\" style=\"width: 1600px\" class=\"wp-caption aligncenter\"><img loading=\"lazy\" class=\"wp-image-7210 size-full\" src=\"http:\/\/consejoescolar.educacion.navarra.es\/web1\/wp-content\/uploads\/2017\/05\/Corellab.jpg\" alt=\"\" width=\"1600\" height=\"723\" srcset=\"https:\/\/consejoescolar.educacion.navarra.es\/web1\/wp-content\/uploads\/2017\/05\/Corellab.jpg 1600w, https:\/\/consejoescolar.educacion.navarra.es\/web1\/wp-content\/uploads\/2017\/05\/Corellab-300x136.jpg 300w, https:\/\/consejoescolar.educacion.navarra.es\/web1\/wp-content\/uploads\/2017\/05\/Corellab-768x347.jpg 768w, https:\/\/consejoescolar.educacion.navarra.es\/web1\/wp-content\/uploads\/2017\/05\/Corellab-1024x463.jpg 1024w\" sizes=\"(max-width: 1600px) 100vw, 1600px\" \/><figcaption id=\"caption-attachment-7210\" class=\"wp-caption-text\">La Consejera de Educaci\u00f3n en la firma del convenio en el instituto de Corella.<\/figcaption><\/figure>\n<p>Se trata de evitar que el alumnado merecedor de la expulsi\u00f3n temporal se habit\u00fae a esta medida y que pueda servir de refuerzo en las conductas causantes de sanci\u00f3n.<\/p>\n<p><em>Puedes hacer click <a href=\"http:\/\/consejoescolar.educacion.navarra.es\/web1\/wp-content\/uploads\/2017\/05\/1210.pdf\">aqu\u00ed<\/a>\u00a0para leer la noticia publicada por Diario de Noticias y <a href=\"http:\/\/consejoescolar.educacion.navarra.es\/web1\/wp-content\/uploads\/2017\/05\/ConveniosdeconvivenciaCorellayMendavia1.pdf\">aqu\u00ed<\/a> la nota de prensa emitida por el Gobierno de Navarra.<\/em><\/p>\n","protected":false},"excerpt":{"rendered":"<p>Los institutos de Mendavia y Corella se han sumado recientemente al proyecto educativo \u00abTiempo fuera\u00bb, que ya se lleva a cabo en otros institutos como en el \u00abReyno de Navarra\u00bb de Azagra.  A trav\u00e9s de \u00e9l, los institutos ofrecen la oportunidad de prestar servicios sociales al alumnado expulsado.<\/p>\n","protected":false},"author":1,"featured_media":7210,"comment_status":"closed","ping_status":"closed","sticky":false,"template":"","format":"standard","meta":{"_genesis_hide_title":false,"_genesis_hide_breadcrumbs":false,"_genesis_hide_singular_image":false,"_genesis_hide_footer_widgets":false,"_genesis_custom_body_class":"","_genesis_custom_post_class":"","_genesis_layout":"","jetpack_post_was_ever_published":false},"categories":[1],"tags":[],"jetpack_featured_media_url":"https:\/\/consejoescolar.educacion.navarra.es\/web1\/wp-content\/uploads\/2017\/05\/Corellab.jpg","_links":{"self":[{"href":"https:\/\/consejoescolar.educacion.navarra.es\/web1\/wp-json\/wp\/v2\/posts\/7209"}],"collection":[{"href":"https:\/\/consejoescolar.educacion.navarra.es\/web1\/wp-json\/wp\/v2\/posts"}],"about":[{"href":"https:\/\/consejoescolar.educacion.navarra.es\/web1\/wp-json\/wp\/v2\/types\/post"}],"author":[{"embeddable":true,"href":"https:\/\/consejoescolar.educacion.navarra.es\/web1\/wp-json\/wp\/v2\/users\/1"}],"replies":[{"embeddable":true,"href":"https:\/\/consejoescolar.educacion.navarra.es\/web1\/wp-json\/wp\/v2\/comments?post=7209"}],"version-history":[{"count":2,"href":"https:\/\/consejoescolar.educacion.navarra.es\/web1\/wp-json\/wp\/v2\/posts\/7209\/revisions"}],"predecessor-version":[{"id":7217,"href":"https:\/\/consejoescolar.educacion.navarra.es\/web1\/wp-json\/wp\/v2\/posts\/7209\/revisions\/7217"}],"wp:featuredmedia":[{"embeddable":true,"href":"https:\/\/consejoescolar.educacion.navarra.es\/web1\/wp-json\/wp\/v2\/media\/7210"}],"wp:attachment":[{"href":"https:\/\/consejoescolar.educacion.navarra.es\/web1\/wp-json\/wp\/v2\/media?parent=7209"}],"wp:term":[{"taxonomy":"category","embeddable":true,"href":"https:\/\/consejoescolar.educacion.navarra.es\/web1\/wp-json\/wp\/v2\/categories?post=7209"},{"taxonomy":"post_tag","embeddable":true,"href":"https:\/\/consejoescolar.educacion.navarra.es\/web1\/wp-json\/wp\/v2\/tags?post=7209"}],"curies":[{"name":"wp","href":"https:\/\/api.w.org\/{rel}","templated":true}]}}