{"id":6312,"date":"2017-03-07T10:16:22","date_gmt":"2017-03-07T09:16:22","guid":{"rendered":"http:\/\/consejoescolar.educacion.navarra.es\/web1\/?p=6312\/"},"modified":"2017-03-14T09:13:06","modified_gmt":"2017-03-14T08:13:06","slug":"el-cadaver-del-senor-garcia","status":"publish","type":"post","link":"https:\/\/consejoescolar.educacion.navarra.es\/web1\/2017\/03\/07\/el-cadaver-del-senor-garcia\/","title":{"rendered":"El cad\u00e1ver del se\u00f1or Garc\u00eda"},"content":{"rendered":"<p>El <a href=\"http:\/\/iesnavarteatro.wixsite.com\/tallerdeteatro\">Taller de Teatro Escolar<\/a> del <a href=\"http:\/\/iesnavarrovilloslada.educacion.navarra.es\/web\/\">IES Navarro Villoslada<\/a> ha preparado, para este curso, la representaci\u00f3n de la obra \u201cEl cad\u00e1ver del se\u00f1or Garc\u00eda\u00bb\u00a0de Enrique Jardiel Poncela\u00a0y adaptada por Miguel Mun\u00e1rriz. Como siempre estar\u00e1 representada por un amplio elenco de estudiantes de bachillerato del centro, bajo la direcci\u00f3n de Marta Ju\u00e1niz y Miguel Mun\u00e1rriz.<\/p>\n<p><!--more--><\/p>\n<p><div id='gallery-1' class='gallery galleryid-6312 gallery-columns-5 gallery-size-thumbnail'><figure class='gallery-item'>\n\t\t\t<div class='gallery-icon portrait'>\n\t\t\t\t<a href='https:\/\/consejoescolar.educacion.navarra.es\/web1\/wp-content\/uploads\/2017\/03\/cadaverfinal.jpg'><img width=\"150\" height=\"150\" src=\"https:\/\/consejoescolar.educacion.navarra.es\/web1\/wp-content\/uploads\/2017\/03\/cadaverfinal-150x150.jpg\" class=\"attachment-thumbnail size-thumbnail\" alt=\"\" loading=\"lazy\" \/><\/a>\n\t\t\t<\/div><\/figure><figure class='gallery-item'>\n\t\t\t<div class='gallery-icon landscape'>\n\t\t\t\t<a href='https:\/\/consejoescolar.educacion.navarra.es\/web1\/wp-content\/uploads\/2017\/03\/180217-5117-copia.jpg'><img width=\"150\" height=\"150\" src=\"https:\/\/consejoescolar.educacion.navarra.es\/web1\/wp-content\/uploads\/2017\/03\/180217-5117-copia-150x150.jpg\" class=\"attachment-thumbnail size-thumbnail\" alt=\"\" loading=\"lazy\" \/><\/a>\n\t\t\t<\/div><\/figure><figure class='gallery-item'>\n\t\t\t<div class='gallery-icon landscape'>\n\t\t\t\t<a href='https:\/\/consejoescolar.educacion.navarra.es\/web1\/wp-content\/uploads\/2017\/03\/180217-4948.jpg'><img width=\"150\" height=\"150\" src=\"https:\/\/consejoescolar.educacion.navarra.es\/web1\/wp-content\/uploads\/2017\/03\/180217-4948-150x150.jpg\" class=\"attachment-thumbnail size-thumbnail\" alt=\"\" loading=\"lazy\" \/><\/a>\n\t\t\t<\/div><\/figure><figure class='gallery-item'>\n\t\t\t<div class='gallery-icon landscape'>\n\t\t\t\t<a href='https:\/\/consejoescolar.educacion.navarra.es\/web1\/wp-content\/uploads\/2017\/03\/180217-5030.jpg'><img width=\"150\" height=\"150\" src=\"https:\/\/consejoescolar.educacion.navarra.es\/web1\/wp-content\/uploads\/2017\/03\/180217-5030-150x150.jpg\" class=\"attachment-thumbnail size-thumbnail\" alt=\"\" loading=\"lazy\" \/><\/a>\n\t\t\t<\/div><\/figure><figure class='gallery-item'>\n\t\t\t<div class='gallery-icon landscape'>\n\t\t\t\t<a href='https:\/\/consejoescolar.educacion.navarra.es\/web1\/wp-content\/uploads\/2017\/03\/180217-5097.jpg'><img width=\"150\" height=\"150\" src=\"https:\/\/consejoescolar.educacion.navarra.es\/web1\/wp-content\/uploads\/2017\/03\/180217-5097-150x150.jpg\" class=\"attachment-thumbnail size-thumbnail\" alt=\"\" loading=\"lazy\" \/><\/a>\n\t\t\t<\/div><\/figure>\n\t\t<\/div>\n<br \/>\nHabida cuenta de las potencialidades formativas tanto para el p\u00fablico en general como para el p\u00fablico joven y escolar en particular, este proyecto educativo concibe a los espectadores y las espectadoras como ciudadanos y ciudadanas que aprenden en el Teatro disfrutando, imaginando, agradeciendo, creando..<\/p>\n<p><em>Visite la p\u00e1gina web del <a href=\"http:\/\/iesnavarteatro.wixsite.com\/tallerdeteatro\">Taller de Teatro del IES Navarro Villoslada<\/a> para m\u00e1s informaci\u00f3n. Haciendo click <a href=\"http:\/\/consejoescolar.educacion.navarra.es\/web1\/wp-content\/uploads\/2017\/03\/1080.pdf\">aqu\u00ed<\/a> puedes leer la noticia publicada por Diario de Navarra el 08\/03\/2017 y <a href=\"http:\/\/consejoescolar.educacion.navarra.es\/web1\/wp-content\/uploads\/2017\/03\/1087.pdf\">aqu\u00ed<\/a> la publicada por Diario de Noticias el 13\/03\/2017.<\/em><\/p>\n","protected":false},"excerpt":{"rendered":"<p>El Taller de Teatro Escolar del IES Navarro Villoslada ha preparado, para este curso, la representaci\u00f3n de la obra \u201cEl cad\u00e1ver del se\u00f1or Garc\u00eda\u00bb de Enrique Jardiel Poncela y adaptada por Miguel Mun\u00e1rriz. Como siempre estar\u00e1 representada por un amplio elenco de estudiantes de bachillerato del centro, bajo la direcci\u00f3n de Marta Ju\u00e1niz y Miguel Mun\u00e1rriz.<\/p>\n","protected":false},"author":1,"featured_media":6328,"comment_status":"closed","ping_status":"closed","sticky":false,"template":"","format":"standard","meta":{"_genesis_hide_title":false,"_genesis_hide_breadcrumbs":false,"_genesis_hide_singular_image":false,"_genesis_hide_footer_widgets":false,"_genesis_custom_body_class":"","_genesis_custom_post_class":"","_genesis_layout":"","jetpack_post_was_ever_published":false},"categories":[1],"tags":[],"jetpack_featured_media_url":"https:\/\/consejoescolar.educacion.navarra.es\/web1\/wp-content\/uploads\/2017\/03\/180217-4948.jpg","_links":{"self":[{"href":"https:\/\/consejoescolar.educacion.navarra.es\/web1\/wp-json\/wp\/v2\/posts\/6312"}],"collection":[{"href":"https:\/\/consejoescolar.educacion.navarra.es\/web1\/wp-json\/wp\/v2\/posts"}],"about":[{"href":"https:\/\/consejoescolar.educacion.navarra.es\/web1\/wp-json\/wp\/v2\/types\/post"}],"author":[{"embeddable":true,"href":"https:\/\/consejoescolar.educacion.navarra.es\/web1\/wp-json\/wp\/v2\/users\/1"}],"replies":[{"embeddable":true,"href":"https:\/\/consejoescolar.educacion.navarra.es\/web1\/wp-json\/wp\/v2\/comments?post=6312"}],"version-history":[{"count":5,"href":"https:\/\/consejoescolar.educacion.navarra.es\/web1\/wp-json\/wp\/v2\/posts\/6312\/revisions"}],"predecessor-version":[{"id":6446,"href":"https:\/\/consejoescolar.educacion.navarra.es\/web1\/wp-json\/wp\/v2\/posts\/6312\/revisions\/6446"}],"wp:featuredmedia":[{"embeddable":true,"href":"https:\/\/consejoescolar.educacion.navarra.es\/web1\/wp-json\/wp\/v2\/media\/6328"}],"wp:attachment":[{"href":"https:\/\/consejoescolar.educacion.navarra.es\/web1\/wp-json\/wp\/v2\/media?parent=6312"}],"wp:term":[{"taxonomy":"category","embeddable":true,"href":"https:\/\/consejoescolar.educacion.navarra.es\/web1\/wp-json\/wp\/v2\/categories?post=6312"},{"taxonomy":"post_tag","embeddable":true,"href":"https:\/\/consejoescolar.educacion.navarra.es\/web1\/wp-json\/wp\/v2\/tags?post=6312"}],"curies":[{"name":"wp","href":"https:\/\/api.w.org\/{rel}","templated":true}]}}