{"id":6102,"date":"2017-02-09T11:45:54","date_gmt":"2017-02-09T10:45:54","guid":{"rendered":"http:\/\/consejoescolar.educacion.navarra.es\/web1\/?p=6102\/"},"modified":"2017-02-10T09:42:15","modified_gmt":"2017-02-10T08:42:15","slug":"comparencencia-en-el-parlamento-2017","status":"publish","type":"post","link":"https:\/\/consejoescolar.educacion.navarra.es\/web1\/2017\/02\/09\/comparencencia-en-el-parlamento-2017\/","title":{"rendered":"Comparecencia en el Parlamento 2017"},"content":{"rendered":"<p>El Presidente del Consejo Escolar de Navarra, Aitor Etxarte Berezibar, compareci\u00f3 el 8\u00a0de febrero\u00a0en la Comisi\u00f3n de Educaci\u00f3n del Parlamento de Navarra, con el fin de exponer el <a href=\"http:\/\/consejoescolar.educacion.navarra.es\/web1\/wp-content\/uploads\/2016\/12\/ISEN-2015-2016.pdf\">Informe del Sistema Educativo de Navarra<\/a> del curso 2015-2016 que ha elaborado el propio Consejo.<\/p>\n<p><!--more--><\/p>\n<p><iframe loading=\"lazy\" width=\"500\" height=\"375\" src=\"https:\/\/www.youtube.com\/embed\/jNDzdBeJ4MQ?feature=oembed\" frameborder=\"0\" allowfullscreen><\/iframe><\/p>\n<p>En la comparecencia fueron tratados diferentes puntos del ISEN 2015-2016, como el n\u00famero total del alumnos y alumnas, los porcentajes de promoci\u00f3n en las diferentes etapas educativas o las tasas de abandono escolar.<\/p>\n<p><em>Puedes hacer click <a href=\"http:\/\/consejoescolar.educacion.navarra.es\/web1\/wp-content\/uploads\/2017\/02\/1047.pdf\">aqu\u00ed<\/a> y consultar c\u00f3mo recoge el Diario de Noticias en su edici\u00f3n del 9\/2\/2017 dicha comparecencia y <a href=\"http:\/\/consejoescolar.educacion.navarra.es\/web1\/wp-content\/uploads\/2017\/02\/1048.pdf\">aqu\u00ed<\/a> para consultar c\u00f3mo lo hace el diario Berria en esa misma fecha.<\/em><\/p>\n","protected":false},"excerpt":{"rendered":"<p>El Presidente del Consejo Escolar de Navarra, Aitor Etxarte Berezibar, compareci\u00f3 el 8 de febrero en la Comisi\u00f3n de Educaci\u00f3n del Parlamento de Navarra, con el fin de exponer el Informe del Sistema Educativo de Navarra del curso 2015-2016 que ha elaborado el propio Consejo.<\/p>\n","protected":false},"author":1,"featured_media":6103,"comment_status":"closed","ping_status":"closed","sticky":false,"template":"","format":"standard","meta":{"_genesis_hide_title":false,"_genesis_hide_breadcrumbs":false,"_genesis_hide_singular_image":false,"_genesis_hide_footer_widgets":false,"_genesis_custom_body_class":"","_genesis_custom_post_class":"","_genesis_layout":"","jetpack_post_was_ever_published":false},"categories":[1],"tags":[],"jetpack_featured_media_url":"https:\/\/consejoescolar.educacion.navarra.es\/web1\/wp-content\/uploads\/2017\/02\/Etxarte-PARLAMENTUAN.jpg","_links":{"self":[{"href":"https:\/\/consejoescolar.educacion.navarra.es\/web1\/wp-json\/wp\/v2\/posts\/6102"}],"collection":[{"href":"https:\/\/consejoescolar.educacion.navarra.es\/web1\/wp-json\/wp\/v2\/posts"}],"about":[{"href":"https:\/\/consejoescolar.educacion.navarra.es\/web1\/wp-json\/wp\/v2\/types\/post"}],"author":[{"embeddable":true,"href":"https:\/\/consejoescolar.educacion.navarra.es\/web1\/wp-json\/wp\/v2\/users\/1"}],"replies":[{"embeddable":true,"href":"https:\/\/consejoescolar.educacion.navarra.es\/web1\/wp-json\/wp\/v2\/comments?post=6102"}],"version-history":[{"count":3,"href":"https:\/\/consejoescolar.educacion.navarra.es\/web1\/wp-json\/wp\/v2\/posts\/6102\/revisions"}],"predecessor-version":[{"id":6114,"href":"https:\/\/consejoescolar.educacion.navarra.es\/web1\/wp-json\/wp\/v2\/posts\/6102\/revisions\/6114"}],"wp:featuredmedia":[{"embeddable":true,"href":"https:\/\/consejoescolar.educacion.navarra.es\/web1\/wp-json\/wp\/v2\/media\/6103"}],"wp:attachment":[{"href":"https:\/\/consejoescolar.educacion.navarra.es\/web1\/wp-json\/wp\/v2\/media?parent=6102"}],"wp:term":[{"taxonomy":"category","embeddable":true,"href":"https:\/\/consejoescolar.educacion.navarra.es\/web1\/wp-json\/wp\/v2\/categories?post=6102"},{"taxonomy":"post_tag","embeddable":true,"href":"https:\/\/consejoescolar.educacion.navarra.es\/web1\/wp-json\/wp\/v2\/tags?post=6102"}],"curies":[{"name":"wp","href":"https:\/\/api.w.org\/{rel}","templated":true}]}}