{"id":5949,"date":"2017-01-13T12:49:56","date_gmt":"2017-01-13T11:49:56","guid":{"rendered":"http:\/\/consejoescolar.educacion.navarra.es\/web1\/?p=5949\/"},"modified":"2017-01-13T12:49:56","modified_gmt":"2017-01-13T11:49:56","slug":"ano-nuevo-nuevas-ideas","status":"publish","type":"post","link":"https:\/\/consejoescolar.educacion.navarra.es\/web1\/2017\/01\/13\/ano-nuevo-nuevas-ideas\/","title":{"rendered":"A\u00f1o nuevo, nuevas ideas"},"content":{"rendered":"<p>Desde el Consejo Escolar de Navarra queremos aprovechar el inicio del a\u00f1o nuevo para recordaros que tenemos las puertas abiertas a tipo de proyectos educativos, propuestas e ideas innovadoras que puedan ser de inter\u00e9s para la comunidad educativa de Navarra.<\/p>\n<p><!--more--><\/p>\n<p><img loading=\"lazy\" class=\"aligncenter size-full wp-image-5956\" src=\"http:\/\/consejoescolar.educacion.navarra.es\/web1\/wp-content\/uploads\/2017\/01\/me5mbzx5sko-providence-doucet.jpg\" alt=\"\" width=\"6016\" height=\"4000\" srcset=\"https:\/\/consejoescolar.educacion.navarra.es\/web1\/wp-content\/uploads\/2017\/01\/me5mbzx5sko-providence-doucet.jpg 6016w, https:\/\/consejoescolar.educacion.navarra.es\/web1\/wp-content\/uploads\/2017\/01\/me5mbzx5sko-providence-doucet-300x199.jpg 300w, https:\/\/consejoescolar.educacion.navarra.es\/web1\/wp-content\/uploads\/2017\/01\/me5mbzx5sko-providence-doucet-768x511.jpg 768w, https:\/\/consejoescolar.educacion.navarra.es\/web1\/wp-content\/uploads\/2017\/01\/me5mbzx5sko-providence-doucet-1024x681.jpg 1024w\" sizes=\"(max-width: 6016px) 100vw, 6016px\" \/><\/p>\n<p>A trav\u00e9s de esta web, adem\u00e1s de informar puntualmente sobre la actividad propia del Consejo, nos hacemos eco de todo tipo de proyectos que se llevan a cabo en centros educativos de Navarra. \u00a014.053 usuarias y usuarios\u00a0han visitado nuestra p\u00e1gina en el \u00faltimo a\u00f1o, convirti\u00e9ndose\u00a0en\u00a0una importante plataforma para compartir experiencias y en palabras de Aitor Etxarte, presidente del mismo, \u00abconvertir lo bueno en excelente\u00bb.<\/p>\n<p><em>Si quieres dar a conocer tu proyecto o experiencia a trav\u00e9s de nuestra web, escr\u00edbenos un correo a <a href=\"mailto:consejo.escolar@navarra.es\">consejo.escolar@navarra.es<\/a>\u00a0cont\u00e1ndonosla.<\/em><\/p>\n","protected":false},"excerpt":{"rendered":"<p>Desde el Consejo Escolar de Navarra queremos aprovechar el inicio del a\u00f1o nuevo para recordaros que tenemos las puertas abiertas a tipo de proyectos educativos, propuestas e ideas innovadoras que puedan ser de inter\u00e9s para la comunidad educativa de Navarra.<\/p>\n","protected":false},"author":1,"featured_media":5956,"comment_status":"closed","ping_status":"closed","sticky":false,"template":"","format":"standard","meta":{"_genesis_hide_title":false,"_genesis_hide_breadcrumbs":false,"_genesis_hide_singular_image":false,"_genesis_hide_footer_widgets":false,"_genesis_custom_body_class":"","_genesis_custom_post_class":"","_genesis_layout":"","jetpack_post_was_ever_published":false},"categories":[1],"tags":[],"jetpack_featured_media_url":"https:\/\/consejoescolar.educacion.navarra.es\/web1\/wp-content\/uploads\/2017\/01\/me5mbzx5sko-providence-doucet.jpg","_links":{"self":[{"href":"https:\/\/consejoescolar.educacion.navarra.es\/web1\/wp-json\/wp\/v2\/posts\/5949"}],"collection":[{"href":"https:\/\/consejoescolar.educacion.navarra.es\/web1\/wp-json\/wp\/v2\/posts"}],"about":[{"href":"https:\/\/consejoescolar.educacion.navarra.es\/web1\/wp-json\/wp\/v2\/types\/post"}],"author":[{"embeddable":true,"href":"https:\/\/consejoescolar.educacion.navarra.es\/web1\/wp-json\/wp\/v2\/users\/1"}],"replies":[{"embeddable":true,"href":"https:\/\/consejoescolar.educacion.navarra.es\/web1\/wp-json\/wp\/v2\/comments?post=5949"}],"version-history":[{"count":3,"href":"https:\/\/consejoescolar.educacion.navarra.es\/web1\/wp-json\/wp\/v2\/posts\/5949\/revisions"}],"predecessor-version":[{"id":5962,"href":"https:\/\/consejoescolar.educacion.navarra.es\/web1\/wp-json\/wp\/v2\/posts\/5949\/revisions\/5962"}],"wp:featuredmedia":[{"embeddable":true,"href":"https:\/\/consejoescolar.educacion.navarra.es\/web1\/wp-json\/wp\/v2\/media\/5956"}],"wp:attachment":[{"href":"https:\/\/consejoescolar.educacion.navarra.es\/web1\/wp-json\/wp\/v2\/media?parent=5949"}],"wp:term":[{"taxonomy":"category","embeddable":true,"href":"https:\/\/consejoescolar.educacion.navarra.es\/web1\/wp-json\/wp\/v2\/categories?post=5949"},{"taxonomy":"post_tag","embeddable":true,"href":"https:\/\/consejoescolar.educacion.navarra.es\/web1\/wp-json\/wp\/v2\/tags?post=5949"}],"curies":[{"name":"wp","href":"https:\/\/api.w.org\/{rel}","templated":true}]}}