{"id":5565,"date":"2016-11-28T08:46:14","date_gmt":"2016-11-28T07:46:14","guid":{"rendered":"http:\/\/consejoescolar.educacion.navarra.es\/web1\/?p=5565"},"modified":"2016-12-02T08:59:30","modified_gmt":"2016-12-02T07:59:30","slug":"memoria-2015-2016","status":"publish","type":"post","link":"https:\/\/consejoescolar.educacion.navarra.es\/web1\/2016\/11\/28\/memoria-2015-2016\/","title":{"rendered":"Memoria 2015-2016"},"content":{"rendered":"<p>Ya est\u00e1 disponible para su consulta y descarga la <a href=\"http:\/\/consejoescolar.educacion.navarra.es\/web1\/wp-content\/uploads\/2016\/11\/CEN_Memo2015_2016.pdf\">Memoria<\/a> del Consejo Escolar de Navarra referente al curso 2015-2016 que el\u00a0Pleno \u00a0aprob\u00f3 el pasado 26 de octubre.<\/p>\n<p><!--more--><\/p>\n<p><a href=\"http:\/\/consejoescolar.educacion.navarra.es\/web1\/wp-content\/uploads\/2016\/11\/CEN_Memo2015_2016.pdf\"><img loading=\"lazy\" class=\"aligncenter size-full wp-image-5566\" src=\"http:\/\/consejoescolar.educacion.navarra.es\/web1\/wp-content\/uploads\/2016\/11\/MEMORIA-15-16.jpg\" alt=\"memoria-15-16\" width=\"595\" height=\"569\" srcset=\"https:\/\/consejoescolar.educacion.navarra.es\/web1\/wp-content\/uploads\/2016\/11\/MEMORIA-15-16.jpg 595w, https:\/\/consejoescolar.educacion.navarra.es\/web1\/wp-content\/uploads\/2016\/11\/MEMORIA-15-16-300x287.jpg 300w\" sizes=\"(max-width: 595px) 100vw, 595px\" \/><\/a><\/p>\n<p>La <a href=\"http:\/\/consejoescolar.educacion.navarra.es\/web1\/wp-content\/uploads\/2016\/11\/CEN_Memo2015_2016.pdf\">Memoria<\/a> recoge la actividad llevada a cabo por el Consejo durante el \u00faltimo\u00a0curso escolar y hace referencia a dict\u00e1menes, \u00a0a actas de Plenos y Comisiones Permanentes, presencia institucional del Consejo o publicaciones de diferente tipo. Est\u00e1 disponible en edici\u00f3n biling\u00fce y en formato PDF navegable.<\/p>\n","protected":false},"excerpt":{"rendered":"<p>Ya est\u00e1 dsiponible para su consulta y descarga la Memoria del Consejo Escolar de Navarra referente al curso 2015-2016 que el Pleno  aprob\u00f3 el pasado 26 de octubre.<\/p>\n","protected":false},"author":1,"featured_media":5566,"comment_status":"closed","ping_status":"closed","sticky":false,"template":"","format":"standard","meta":{"_genesis_hide_title":false,"_genesis_hide_breadcrumbs":false,"_genesis_hide_singular_image":false,"_genesis_hide_footer_widgets":false,"_genesis_custom_body_class":"","_genesis_custom_post_class":"","_genesis_layout":"","jetpack_post_was_ever_published":false},"categories":[1],"tags":[],"jetpack_featured_media_url":"https:\/\/consejoescolar.educacion.navarra.es\/web1\/wp-content\/uploads\/2016\/11\/MEMORIA-15-16.jpg","_links":{"self":[{"href":"https:\/\/consejoescolar.educacion.navarra.es\/web1\/wp-json\/wp\/v2\/posts\/5565"}],"collection":[{"href":"https:\/\/consejoescolar.educacion.navarra.es\/web1\/wp-json\/wp\/v2\/posts"}],"about":[{"href":"https:\/\/consejoescolar.educacion.navarra.es\/web1\/wp-json\/wp\/v2\/types\/post"}],"author":[{"embeddable":true,"href":"https:\/\/consejoescolar.educacion.navarra.es\/web1\/wp-json\/wp\/v2\/users\/1"}],"replies":[{"embeddable":true,"href":"https:\/\/consejoescolar.educacion.navarra.es\/web1\/wp-json\/wp\/v2\/comments?post=5565"}],"version-history":[{"count":3,"href":"https:\/\/consejoescolar.educacion.navarra.es\/web1\/wp-json\/wp\/v2\/posts\/5565\/revisions"}],"predecessor-version":[{"id":5672,"href":"https:\/\/consejoescolar.educacion.navarra.es\/web1\/wp-json\/wp\/v2\/posts\/5565\/revisions\/5672"}],"wp:featuredmedia":[{"embeddable":true,"href":"https:\/\/consejoescolar.educacion.navarra.es\/web1\/wp-json\/wp\/v2\/media\/5566"}],"wp:attachment":[{"href":"https:\/\/consejoescolar.educacion.navarra.es\/web1\/wp-json\/wp\/v2\/media?parent=5565"}],"wp:term":[{"taxonomy":"category","embeddable":true,"href":"https:\/\/consejoescolar.educacion.navarra.es\/web1\/wp-json\/wp\/v2\/categories?post=5565"},{"taxonomy":"post_tag","embeddable":true,"href":"https:\/\/consejoescolar.educacion.navarra.es\/web1\/wp-json\/wp\/v2\/tags?post=5565"}],"curies":[{"name":"wp","href":"https:\/\/api.w.org\/{rel}","templated":true}]}}