{"id":4296,"date":"2016-06-08T10:28:45","date_gmt":"2016-06-08T08:28:45","guid":{"rendered":"http:\/\/consejoescolar.educacion.navarra.es\/web1\/?p=4296"},"modified":"2016-06-21T10:03:25","modified_gmt":"2016-06-21T08:03:25","slug":"dispositivos-electroluminiscentes","status":"publish","type":"post","link":"https:\/\/consejoescolar.educacion.navarra.es\/web1\/2016\/06\/08\/dispositivos-electroluminiscentes\/","title":{"rendered":"Dispositivos electroluminiscentes"},"content":{"rendered":"<p>El 30 de mayo <a href=\"http:\/\/salesianospamplona.info\/\">Salesianos Pamplona<\/a> present\u00f3 su actividad innovadora \u00abDesarrollo de dispositivos electroluminiscentes por alumnos del Centro FP Salesianos Pamplona\u00bb. Se trata del desarrollo de 6 proyectos que han finalizado con la obtenci\u00f3n de demostradores funcionales que pueden ser fabricados e introducidos en nuevos nichos de mercados a corto-medio plazo.<\/p>\n<p><!--more--><\/p>\n<iframe src=\"https:\/\/player.vimeo.com\/video\/167236647\" width=\"500\" height=\"281\" frameborder=\"0\" title=\"Salesianos proyectos\" webkitallowfullscreen mozallowfullscreen allowfullscreen><\/iframe>\n<p>Un paso de cebra que se ilumina, que cambia del rojo al verde, ideado para personas que puedan ir despistadas con su m\u00f3vil es uno de los proyectos presentados, ideado por los alumnos Leyre San Esteban Romero, Manuel Rodr\u00edguez Ibiricu, \u00c1lex L\u00f3pez Goyeneche y Pablo Goenaga Echechipea, que unen impresi\u00f3n con electr\u00f3nica y que supone\u00a0solo un\u00a0ejemplo de hacia donde se encamina un sector tan maduro como el de las artes gr\u00e1ficas. La actividad fue presentada por Jorge Lanchas, director del Centro de FP de Salesianos Pamplona, Miren Garate, Jefa del Departamento de Artes Gr\u00e1ficas y Saioa Los Arcos y Aritz Torralba, alumnos del proyecto.<\/p>\n<p><em>Puedes hacer\u00a0click <a href=\"http:\/\/consejoescolar.educacion.navarra.es\/web1\/wp-content\/uploads\/2016\/05\/752.pdf\">aqu\u00ed<\/a> para leer el art\u00edculo publicado por Diario de Noticias el 31\/05\/2016;\u00a0<a href=\"http:\/\/salesianospamplona.info\/%E2%80%8Bimpresion-funcional-innovacion-tecnica-y-educativa\/\">aqu\u00ed<\/a> para leer la noticia publicada por Salesianos Pamplona;\u00a0<a href=\"http:\/\/www.cen7dias.es\/contenido.php?bol=244&amp;id=3813&amp;sec=2\">aqu\u00ed<\/a> para leer la noticia publicada por CEN y <a href=\"http:\/\/consejoescolar.educacion.navarra.es\/web1\/wp-content\/uploads\/2016\/06\/796.pdf\">aqu\u00ed<\/a> para leer la noticia publicada por Diario de Navarra el 19\/06\/2016.<\/em><\/p>\n","protected":false},"excerpt":{"rendered":"<p>El 30 de mayo Salesianos Pamplona present\u00f3 su actividad innovadora \u00abDesarrollo de dispositivos electroluminiscentes por alumnos del Centro FP Salesianos Pamplona\u00bb. Se trata del desarrollo de 6 proyectos que han finalizado con la obtenci\u00f3n de demostradores funcionales que pueden ser fabricados ei ntroducidos en nuevos nichos de mercados a corto-medio plazo.<\/p>\n","protected":false},"author":1,"featured_media":4457,"comment_status":"closed","ping_status":"closed","sticky":false,"template":"","format":"standard","meta":{"_genesis_hide_title":false,"_genesis_hide_breadcrumbs":false,"_genesis_hide_singular_image":false,"_genesis_hide_footer_widgets":false,"_genesis_custom_body_class":"","_genesis_custom_post_class":"","_genesis_layout":"","jetpack_post_was_ever_published":false},"categories":[1],"tags":[],"jetpack_featured_media_url":"https:\/\/consejoescolar.educacion.navarra.es\/web1\/wp-content\/uploads\/2016\/06\/salesianos.jpg","_links":{"self":[{"href":"https:\/\/consejoescolar.educacion.navarra.es\/web1\/wp-json\/wp\/v2\/posts\/4296"}],"collection":[{"href":"https:\/\/consejoescolar.educacion.navarra.es\/web1\/wp-json\/wp\/v2\/posts"}],"about":[{"href":"https:\/\/consejoescolar.educacion.navarra.es\/web1\/wp-json\/wp\/v2\/types\/post"}],"author":[{"embeddable":true,"href":"https:\/\/consejoescolar.educacion.navarra.es\/web1\/wp-json\/wp\/v2\/users\/1"}],"replies":[{"embeddable":true,"href":"https:\/\/consejoescolar.educacion.navarra.es\/web1\/wp-json\/wp\/v2\/comments?post=4296"}],"version-history":[{"count":12,"href":"https:\/\/consejoescolar.educacion.navarra.es\/web1\/wp-json\/wp\/v2\/posts\/4296\/revisions"}],"predecessor-version":[{"id":4534,"href":"https:\/\/consejoescolar.educacion.navarra.es\/web1\/wp-json\/wp\/v2\/posts\/4296\/revisions\/4534"}],"wp:featuredmedia":[{"embeddable":true,"href":"https:\/\/consejoescolar.educacion.navarra.es\/web1\/wp-json\/wp\/v2\/media\/4457"}],"wp:attachment":[{"href":"https:\/\/consejoescolar.educacion.navarra.es\/web1\/wp-json\/wp\/v2\/media?parent=4296"}],"wp:term":[{"taxonomy":"category","embeddable":true,"href":"https:\/\/consejoescolar.educacion.navarra.es\/web1\/wp-json\/wp\/v2\/categories?post=4296"},{"taxonomy":"post_tag","embeddable":true,"href":"https:\/\/consejoescolar.educacion.navarra.es\/web1\/wp-json\/wp\/v2\/tags?post=4296"}],"curies":[{"name":"wp","href":"https:\/\/api.w.org\/{rel}","templated":true}]}}