{"id":4130,"date":"2016-05-19T10:32:45","date_gmt":"2016-05-19T08:32:45","guid":{"rendered":"http:\/\/consejoescolar.educacion.navarra.es\/web1\/?p=4130"},"modified":"2016-05-19T10:32:45","modified_gmt":"2016-05-19T08:32:45","slug":"consumopolis","status":"publish","type":"post","link":"https:\/\/consejoescolar.educacion.navarra.es\/web1\/2016\/05\/19\/consumopolis\/","title":{"rendered":"Consum\u00f3polis"},"content":{"rendered":"<p>El IES Marqu\u00e9s de Villena de Marcilla ha resultado ganador de la fase auton\u00f3mica del concurso \u00ab<a href=\"http:\/\/www.consumopolis.es\/masInfo.aspx?idioma=cas\">Consum\u00f3polis<\/a>\u00ab, organizado por AECOSAN (Agencia Espa\u00f1ola de Consumo, Seguridad Alimentaria y Nutrici\u00f3n) con la colaboraci\u00f3n del Gobierno de Navarra, para sensibilizar sobre el consumo responsable de bienes y servicios.<!--more--><\/p>\n<p><a href=\"http:\/\/consejoescolar.educacion.navarra.es\/web1\/wp-content\/uploads\/2016\/05\/Consumopolis.jpg\"><img loading=\"lazy\" class=\"aligncenter size-medium wp-image-4153\" src=\"http:\/\/consejoescolar.educacion.navarra.es\/web1\/wp-content\/uploads\/2016\/05\/Consumopolis-300x200.jpg\" alt=\"Consumopolis\" width=\"300\" height=\"200\" srcset=\"https:\/\/consejoescolar.educacion.navarra.es\/web1\/wp-content\/uploads\/2016\/05\/Consumopolis-300x200.jpg 300w, https:\/\/consejoescolar.educacion.navarra.es\/web1\/wp-content\/uploads\/2016\/05\/Consumopolis-768x511.jpg 768w, https:\/\/consejoescolar.educacion.navarra.es\/web1\/wp-content\/uploads\/2016\/05\/Consumopolis-1024x681.jpg 1024w\" sizes=\"(max-width: 300px) 100vw, 300px\" \/><\/a><\/p>\n<p>El lema de esta edici\u00f3n 2015\/2016 ha sido \u00abT\u00fa consumes: \u00bflo hacen igual en todas partes?\u00bb. El equipo de Marcilla, denominado \u00abLas marquesas ll\u00bb e integrado por alumnas de segundo ciclo de ESO, ha sido el \u00fanico centro de los ocho inscritos que ha superado las dos pruebas del concurso auton\u00f3mico. En la primera, complet\u00f3 unas fichas pedag\u00f3gicas y super\u00f3 contenidos de la plataforma virtual de Consum\u00f3polis. En la segunda, edit\u00f3 un v\u00eddeo que refleja las dos maneras distintas de consumir en el mundo: en un pa\u00eds europeo y en otro africano.<\/p>\n<p>De esta forma, el IES Marqu\u00e9s de Villena representar\u00e1 a Navarra en la fase estatal. Las cinco alumnas que integran el equipo son Izaskun Los Arcos L\u00f3pez de Pariza, Irati Roncal Uzqueda, Laura Dom\u00ednguez Zabalza, Tsevetelina Valentinova Velkova y \u00c1ngela Mart\u00ednez Ayesa, coordinadas por la profesora M\u00f3nica Sanz Mart\u00edn.<\/p>\n<p><em>Puedes hacer click <a href=\"http:\/\/merindad.com\/el-ies-de-marcilla-gana-el-concurso-consumopolis\/\">aqu\u00ed<\/a> para ver la noticia publicada por la Voz de la Merindad el 16\/05\/2016, <a href=\"http:\/\/consejoescolar.educacion.navarra.es\/web1\/wp-content\/uploads\/2016\/05\/733.pdf\">aqu\u00ed<\/a> en el Diario de Navarra y <a href=\"http:\/\/consejoescolar.educacion.navarra.es\/web1\/wp-content\/uploads\/2016\/05\/735.pdf\">aqu\u00ed<\/a> en el Diario de Noticias del 17\/05\/2016 .<br \/>\n<\/em><\/p>\n<p>&nbsp;<\/p>\n<p><em>\u00a0<\/em><\/p>\n","protected":false},"excerpt":{"rendered":"<p>El IES Marqu\u00e9s de Villena de Marcilla ha resultado ganador de la fase auton\u00f3mica del concurso \u00abConsum\u00f3polis\u00bb, organizado por AECOSAN (Agencia Espa\u00f1ola de Consumo, Seguridad Alimentaria y Nutrici\u00f3n) con la colaboraci\u00f3n del Gobierno de Navarra, para sensibilizar sobre el consumo responsable de bienes y servicios.<\/p>\n","protected":false},"author":1,"featured_media":4153,"comment_status":"closed","ping_status":"closed","sticky":false,"template":"","format":"standard","meta":{"_genesis_hide_title":false,"_genesis_hide_breadcrumbs":false,"_genesis_hide_singular_image":false,"_genesis_hide_footer_widgets":false,"_genesis_custom_body_class":"","_genesis_custom_post_class":"","_genesis_layout":"","jetpack_post_was_ever_published":false},"categories":[1],"tags":[],"jetpack_featured_media_url":"https:\/\/consejoescolar.educacion.navarra.es\/web1\/wp-content\/uploads\/2016\/05\/Consumopolis.jpg","_links":{"self":[{"href":"https:\/\/consejoescolar.educacion.navarra.es\/web1\/wp-json\/wp\/v2\/posts\/4130"}],"collection":[{"href":"https:\/\/consejoescolar.educacion.navarra.es\/web1\/wp-json\/wp\/v2\/posts"}],"about":[{"href":"https:\/\/consejoescolar.educacion.navarra.es\/web1\/wp-json\/wp\/v2\/types\/post"}],"author":[{"embeddable":true,"href":"https:\/\/consejoescolar.educacion.navarra.es\/web1\/wp-json\/wp\/v2\/users\/1"}],"replies":[{"embeddable":true,"href":"https:\/\/consejoescolar.educacion.navarra.es\/web1\/wp-json\/wp\/v2\/comments?post=4130"}],"version-history":[{"count":9,"href":"https:\/\/consejoescolar.educacion.navarra.es\/web1\/wp-json\/wp\/v2\/posts\/4130\/revisions"}],"predecessor-version":[{"id":4156,"href":"https:\/\/consejoescolar.educacion.navarra.es\/web1\/wp-json\/wp\/v2\/posts\/4130\/revisions\/4156"}],"wp:featuredmedia":[{"embeddable":true,"href":"https:\/\/consejoescolar.educacion.navarra.es\/web1\/wp-json\/wp\/v2\/media\/4153"}],"wp:attachment":[{"href":"https:\/\/consejoescolar.educacion.navarra.es\/web1\/wp-json\/wp\/v2\/media?parent=4130"}],"wp:term":[{"taxonomy":"category","embeddable":true,"href":"https:\/\/consejoescolar.educacion.navarra.es\/web1\/wp-json\/wp\/v2\/categories?post=4130"},{"taxonomy":"post_tag","embeddable":true,"href":"https:\/\/consejoescolar.educacion.navarra.es\/web1\/wp-json\/wp\/v2\/tags?post=4130"}],"curies":[{"name":"wp","href":"https:\/\/api.w.org\/{rel}","templated":true}]}}