{"id":3440,"date":"2016-03-22T14:40:26","date_gmt":"2016-03-22T13:40:26","guid":{"rendered":"http:\/\/consejoescolar.educacion.navarra.es\/web1\/?p=3440"},"modified":"2016-03-22T14:40:26","modified_gmt":"2016-03-22T13:40:26","slug":"juntos-un-proyecto-para-toda-la-escuela","status":"publish","type":"post","link":"https:\/\/consejoescolar.educacion.navarra.es\/web1\/2016\/03\/22\/juntos-un-proyecto-para-toda-la-escuela\/","title":{"rendered":"Juntos, un proyecto para toda la escuela"},"content":{"rendered":"<p>El proyecto Junts (Juntos) en una manera de entender, de hacer y de trabajar por proyectos. En la escuela, se parte de la agrupaci\u00f3n de diferentes edades con menos alumnado y con todo el equipo docente. Tambi\u00e9n para acoger y compartir con todo el profesorado desde un tema com\u00fan con el objetivo de compartir el saber de todos, de enriquecerse con las diferentes propuestas.<\/p>\n<p><!--more--><\/p>\n<p><a href=\"http:\/\/consejoescolar.educacion.navarra.es\/web1\/wp-content\/uploads\/2016\/03\/working-in-a-group.jpg\"><img loading=\"lazy\" class=\"aligncenter size-medium wp-image-3446\" src=\"http:\/\/consejoescolar.educacion.navarra.es\/web1\/wp-content\/uploads\/2016\/03\/working-in-a-group-300x200.jpg\" alt=\"working-in-a-group\" width=\"300\" height=\"200\" srcset=\"https:\/\/consejoescolar.educacion.navarra.es\/web1\/wp-content\/uploads\/2016\/03\/working-in-a-group-300x200.jpg 300w, https:\/\/consejoescolar.educacion.navarra.es\/web1\/wp-content\/uploads\/2016\/03\/working-in-a-group-768x512.jpg 768w, https:\/\/consejoescolar.educacion.navarra.es\/web1\/wp-content\/uploads\/2016\/03\/working-in-a-group-1024x683.jpg 1024w, https:\/\/consejoescolar.educacion.navarra.es\/web1\/wp-content\/uploads\/2016\/03\/working-in-a-group.jpg 1600w\" sizes=\"(max-width: 300px) 100vw, 300px\" \/><\/a>La escuela <a href=\"http:\/\/escolamasrampinyo.blogspot.com.es\/\" target=\"_blank\">Mas Rampinyo<\/a> de Montcada i Reixac aprende haciendo proyectos. \u00c9stos se generan desde una propuesta que puede ser del profesorado o del alumnado. Se parten de temas de actualidad o no.<\/p>\n<p>Este tipo de trabajo por proyectos permite llevar a cabo un aprendizaje globalizado y contextualizado que facilita la comprensi\u00f3n, permite involucrar al alumnado en su proceso de aprendizaje y en la evaluaci\u00f3n, favorece la autonom\u00eda, posibilita desarrollar habilidades de autoaprendizaje (toma de decisiones, argumentaci\u00f3n, reflexi\u00f3n sobre las propias ideas y las de los dem\u00e1s), cooperaci\u00f3n y conciencia del propio aprendizaje.<\/p>\n<p><em>Para una mayor informaci\u00f3n pinche <a href=\"http:\/\/consejoescolar.educacion.navarra.es\/web1\/wp-content\/uploads\/2016\/03\/583.pdf\" target=\"_blank\">aqu\u00ed<\/a>\u00a0 para ver el reportaje de Conxa Colom, Teresa Aparici y M\u00f3nica Sala para la revista Aula de innovaci\u00f3n educativa n\u00famero 250 de marzo de 2016.<\/em><\/p>\n","protected":false},"excerpt":{"rendered":"<p>El proyecto Junts (Juntos) en una manera de entender, de hacer y de trabajar por proyectos. En la escuela, se parte de la agrupaci\u00f3n de diferentes edades con menos alumnado y con todo el equipo docente. Tambi\u00e9n para acoger y compartir con todo el profesorado desde un tema com\u00fan con el objetivo de compartir el [&hellip;]<\/p>\n","protected":false},"author":1,"featured_media":3446,"comment_status":"closed","ping_status":"closed","sticky":false,"template":"","format":"standard","meta":{"_genesis_hide_title":false,"_genesis_hide_breadcrumbs":false,"_genesis_hide_singular_image":false,"_genesis_hide_footer_widgets":false,"_genesis_custom_body_class":"","_genesis_custom_post_class":"","_genesis_layout":"","jetpack_post_was_ever_published":false},"categories":[1],"tags":[],"jetpack_featured_media_url":"https:\/\/consejoescolar.educacion.navarra.es\/web1\/wp-content\/uploads\/2016\/03\/working-in-a-group.jpg","_links":{"self":[{"href":"https:\/\/consejoescolar.educacion.navarra.es\/web1\/wp-json\/wp\/v2\/posts\/3440"}],"collection":[{"href":"https:\/\/consejoescolar.educacion.navarra.es\/web1\/wp-json\/wp\/v2\/posts"}],"about":[{"href":"https:\/\/consejoescolar.educacion.navarra.es\/web1\/wp-json\/wp\/v2\/types\/post"}],"author":[{"embeddable":true,"href":"https:\/\/consejoescolar.educacion.navarra.es\/web1\/wp-json\/wp\/v2\/users\/1"}],"replies":[{"embeddable":true,"href":"https:\/\/consejoescolar.educacion.navarra.es\/web1\/wp-json\/wp\/v2\/comments?post=3440"}],"version-history":[{"count":8,"href":"https:\/\/consejoescolar.educacion.navarra.es\/web1\/wp-json\/wp\/v2\/posts\/3440\/revisions"}],"predecessor-version":[{"id":3507,"href":"https:\/\/consejoescolar.educacion.navarra.es\/web1\/wp-json\/wp\/v2\/posts\/3440\/revisions\/3507"}],"wp:featuredmedia":[{"embeddable":true,"href":"https:\/\/consejoescolar.educacion.navarra.es\/web1\/wp-json\/wp\/v2\/media\/3446"}],"wp:attachment":[{"href":"https:\/\/consejoescolar.educacion.navarra.es\/web1\/wp-json\/wp\/v2\/media?parent=3440"}],"wp:term":[{"taxonomy":"category","embeddable":true,"href":"https:\/\/consejoescolar.educacion.navarra.es\/web1\/wp-json\/wp\/v2\/categories?post=3440"},{"taxonomy":"post_tag","embeddable":true,"href":"https:\/\/consejoescolar.educacion.navarra.es\/web1\/wp-json\/wp\/v2\/tags?post=3440"}],"curies":[{"name":"wp","href":"https:\/\/api.w.org\/{rel}","templated":true}]}}