{"id":33143,"date":"2024-06-10T08:11:11","date_gmt":"2024-06-10T06:11:11","guid":{"rendered":"https:\/\/consejoescolar.educacion.navarra.es\/web1\/?p=33143"},"modified":"2024-06-10T08:11:13","modified_gmt":"2024-06-10T06:11:13","slug":"uso-saludable-de-internet","status":"publish","type":"post","link":"https:\/\/consejoescolar.educacion.navarra.es\/web1\/2024\/06\/10\/uso-saludable-de-internet\/","title":{"rendered":"Uso saludable de internet"},"content":{"rendered":"\n<p>La <a href=\"https:\/\/www.familiaysalud.es\/vivimos-sanos\/ocio-y-actividad-fisica\/nuevas-tecnologias\/uso-saludable-de-internet-internet-tambien\">Asociaci\u00f3n Espa\u00f1ola de Pediatr\u00eda de Atenci\u00f3n Primaria<\/a> recoge en su web una serie de recomendaciones para las familias con ni\u00f1os y ni\u00f1as que se enfrentan al problema de regular el uso de internet. <\/p>\n\n\n\n<!--more-->\n\n\n\n<div class=\"wp-block-image is-style-default\"><figure class=\"aligncenter size-large is-resized\"><a href=\"https:\/\/consejoescolar.educacion.navarra.es\/web1\/wp-content\/uploads\/2024\/05\/kelly-sikkema-37Gug7AWjoo-unsplash-scaled-e1716446798455.jpg\"><img loading=\"lazy\" src=\"https:\/\/consejoescolar.educacion.navarra.es\/web1\/wp-content\/uploads\/2024\/05\/kelly-sikkema-37Gug7AWjoo-unsplash-1024x683.jpg\" alt=\"\" class=\"wp-image-33144\" width=\"615\" height=\"410\"\/><\/a><\/figure><\/div>\n\n\n\n<p>Tras explicar los beneficios de las conexiones a internet, nos hablan del posible uso delictivo, abusivo o da\u00f1ino que puede ocasionar. Para evitarlo, han elaborado una serie de consejos que inciden en la limitaci\u00f3n del uso, del acceso a determinadas p\u00e1ginas, de la supervisi\u00f3n de personas adultas y la instalaci\u00f3n de antivirus. <\/p>\n\n\n\n<p>En la p\u00e1gina tienen una serie de enlaces a otras webs de ayuda y una peque\u00f1a <a href=\"https:\/\/consejoescolar.educacion.navarra.es\/web1\/wp-content\/uploads\/2024\/05\/504_murcia_j_internet_saludable_act.pptx\">gu\u00eda<\/a> resumen elaborada por el pediatra Jos\u00e9 Murcia Garc\u00eda. <\/p>\n","protected":false},"excerpt":{"rendered":"<p>La Asociaci\u00f3n Espa\u00f1ola de Pediatr\u00eda de Atenci\u00f3n Primaria recoge en su web una serie de recomendaciones para las familias con ni\u00f1os y ni\u00f1as que se enfrentan al problema de regular el uso de internet.<\/p>\n","protected":false},"author":1,"featured_media":33144,"comment_status":"closed","ping_status":"closed","sticky":false,"template":"","format":"standard","meta":{"_genesis_hide_title":false,"_genesis_hide_breadcrumbs":false,"_genesis_hide_singular_image":false,"_genesis_hide_footer_widgets":false,"_genesis_custom_body_class":"","_genesis_custom_post_class":"","_genesis_layout":"","jetpack_post_was_ever_published":false},"categories":[1],"tags":[],"jetpack_featured_media_url":"https:\/\/consejoescolar.educacion.navarra.es\/web1\/wp-content\/uploads\/2024\/05\/kelly-sikkema-37Gug7AWjoo-unsplash-scaled-e1716446798455.jpg","_links":{"self":[{"href":"https:\/\/consejoescolar.educacion.navarra.es\/web1\/wp-json\/wp\/v2\/posts\/33143"}],"collection":[{"href":"https:\/\/consejoescolar.educacion.navarra.es\/web1\/wp-json\/wp\/v2\/posts"}],"about":[{"href":"https:\/\/consejoescolar.educacion.navarra.es\/web1\/wp-json\/wp\/v2\/types\/post"}],"author":[{"embeddable":true,"href":"https:\/\/consejoescolar.educacion.navarra.es\/web1\/wp-json\/wp\/v2\/users\/1"}],"replies":[{"embeddable":true,"href":"https:\/\/consejoescolar.educacion.navarra.es\/web1\/wp-json\/wp\/v2\/comments?post=33143"}],"version-history":[{"count":2,"href":"https:\/\/consejoescolar.educacion.navarra.es\/web1\/wp-json\/wp\/v2\/posts\/33143\/revisions"}],"predecessor-version":[{"id":33149,"href":"https:\/\/consejoescolar.educacion.navarra.es\/web1\/wp-json\/wp\/v2\/posts\/33143\/revisions\/33149"}],"wp:featuredmedia":[{"embeddable":true,"href":"https:\/\/consejoescolar.educacion.navarra.es\/web1\/wp-json\/wp\/v2\/media\/33144"}],"wp:attachment":[{"href":"https:\/\/consejoescolar.educacion.navarra.es\/web1\/wp-json\/wp\/v2\/media?parent=33143"}],"wp:term":[{"taxonomy":"category","embeddable":true,"href":"https:\/\/consejoescolar.educacion.navarra.es\/web1\/wp-json\/wp\/v2\/categories?post=33143"},{"taxonomy":"post_tag","embeddable":true,"href":"https:\/\/consejoescolar.educacion.navarra.es\/web1\/wp-json\/wp\/v2\/tags?post=33143"}],"curies":[{"name":"wp","href":"https:\/\/api.w.org\/{rel}","templated":true}]}}