{"id":32466,"date":"2024-03-08T13:45:59","date_gmt":"2024-03-08T12:45:59","guid":{"rendered":"https:\/\/consejoescolar.educacion.navarra.es\/web1\/?p=32466"},"modified":"2024-03-11T10:18:25","modified_gmt":"2024-03-11T09:18:25","slug":"comparecencia-en-el-parlamento-2024","status":"publish","type":"post","link":"https:\/\/consejoescolar.educacion.navarra.es\/web1\/2024\/03\/08\/comparecencia-en-el-parlamento-2024\/","title":{"rendered":"Comparecencia en el Parlamento 2024"},"content":{"rendered":"\n<p>El d\u00eda 6 de marzo de 2024, el presidente del Consejo Escolar de Navarra, Manuel Mart\u00edn Iglesias, compareci\u00f3 en el Parlamento de Navarra para presentar el&nbsp;<a href=\"https:\/\/drive.google.com\/file\/d\/19UuYdpFDJlIwbj_LNOrAThGCceQKMS0V\/view?usp=sharing\">Informe del sistema educativo en Navarra<\/a>&nbsp;relativo al curso 2022-2023 (ISEN).<\/p>\n\n\n\n<!--more-->\n\n\n\n<figure class=\"wp-block-embed aligncenter is-type-video is-provider-youtube wp-block-embed-youtube wp-embed-aspect-16-9 wp-has-aspect-ratio\"><div class=\"wp-block-embed__wrapper\">\n<iframe loading=\"lazy\" title=\"Presentaci\u00f3n ISEN 22 23 6 de marzo de 2024\" width=\"500\" height=\"281\" src=\"https:\/\/www.youtube.com\/embed\/l3zX3k2CPgM?feature=oembed\" frameborder=\"0\" allow=\"accelerometer; autoplay; clipboard-write; encrypted-media; gyroscope; picture-in-picture; web-share\" allowfullscreen><\/iframe>\n<\/div><\/figure>\n\n\n\n<p>El ISEN fue aprobado por unanimidad en el Pleno del 20 de diciembre de 2023.<\/p>\n\n\n\n<p><a href=\"https:\/\/drive.google.com\/file\/d\/19UuYdpFDJlIwbj_LNOrAThGCceQKMS0V\/view\">ISEN 2022-2023 castellano<\/a><a rel=\"noreferrer noopener\" href=\"https:\/\/drive.google.com\/file\/d\/10xfpfVVi0AQuY7astCEgNEooDTzyPLtY\/view?usp=sharing\" target=\"_blank\">.<\/a><\/p>\n\n\n\n<p><a href=\"https:\/\/drive.google.com\/file\/d\/12wdH8aQXEw7iFtyZsXHLIIa3v2wz58jS\/view\">ISEN 2022-2023 euskera.<\/a><\/p>\n\n\n\n<p><a href=\"https:\/\/consejoescolar.educacion.navarra.es\/web1\/wp-content\/uploads\/2024\/03\/3072.pdf\">Aqu\u00ed<\/a>&nbsp;se puede consultar la noticia publicada en el Diario de Noticias relativa al ISEN,&nbsp;<a href=\"https:\/\/consejoescolar.educacion.navarra.es\/web1\/wp-content\/uploads\/2023\/02\/2992.pdf\">aqu\u00ed&nbsp;<\/a>en el Diario de Navarra.<\/p>\n\n\n\n<p>Esta entrada tambi\u00e9n est\u00e1 disponible en:&nbsp;<a href=\"https:\/\/consejoescolar.educacion.navarra.es\/web1\/eu\/2023\/02\/17\/parlamentuko-agerraldia-2023\/\">Euskera<\/a><\/p>\n","protected":false},"excerpt":{"rendered":"<p>El d\u00eda 6 de marzo de 2024, el presidente del Consejo Escolar de Navarra, Manuel Mart\u00edn Iglesias, compareci\u00f3 en el Parlamento de Navarra para presentar el&nbsp;Informe del sistema educativo en Navarra&nbsp;relativo al curso 2022-2023 (ISEN).<\/p>\n","protected":false},"author":1,"featured_media":32507,"comment_status":"closed","ping_status":"closed","sticky":false,"template":"","format":"standard","meta":{"_genesis_hide_title":false,"_genesis_hide_breadcrumbs":false,"_genesis_hide_singular_image":false,"_genesis_hide_footer_widgets":false,"_genesis_custom_body_class":"","_genesis_custom_post_class":"","_genesis_layout":"","jetpack_post_was_ever_published":false},"categories":[1],"tags":[],"jetpack_featured_media_url":"https:\/\/consejoescolar.educacion.navarra.es\/web1\/wp-content\/uploads\/2024\/03\/presentacion-isen-en-parlamento-6-marzo-scaled-e1710148686556.jpeg","_links":{"self":[{"href":"https:\/\/consejoescolar.educacion.navarra.es\/web1\/wp-json\/wp\/v2\/posts\/32466"}],"collection":[{"href":"https:\/\/consejoescolar.educacion.navarra.es\/web1\/wp-json\/wp\/v2\/posts"}],"about":[{"href":"https:\/\/consejoescolar.educacion.navarra.es\/web1\/wp-json\/wp\/v2\/types\/post"}],"author":[{"embeddable":true,"href":"https:\/\/consejoescolar.educacion.navarra.es\/web1\/wp-json\/wp\/v2\/users\/1"}],"replies":[{"embeddable":true,"href":"https:\/\/consejoescolar.educacion.navarra.es\/web1\/wp-json\/wp\/v2\/comments?post=32466"}],"version-history":[{"count":9,"href":"https:\/\/consejoescolar.educacion.navarra.es\/web1\/wp-json\/wp\/v2\/posts\/32466\/revisions"}],"predecessor-version":[{"id":32484,"href":"https:\/\/consejoescolar.educacion.navarra.es\/web1\/wp-json\/wp\/v2\/posts\/32466\/revisions\/32484"}],"wp:featuredmedia":[{"embeddable":true,"href":"https:\/\/consejoescolar.educacion.navarra.es\/web1\/wp-json\/wp\/v2\/media\/32507"}],"wp:attachment":[{"href":"https:\/\/consejoescolar.educacion.navarra.es\/web1\/wp-json\/wp\/v2\/media?parent=32466"}],"wp:term":[{"taxonomy":"category","embeddable":true,"href":"https:\/\/consejoescolar.educacion.navarra.es\/web1\/wp-json\/wp\/v2\/categories?post=32466"},{"taxonomy":"post_tag","embeddable":true,"href":"https:\/\/consejoescolar.educacion.navarra.es\/web1\/wp-json\/wp\/v2\/tags?post=32466"}],"curies":[{"name":"wp","href":"https:\/\/api.w.org\/{rel}","templated":true}]}}