{"id":31730,"date":"2023-12-21T09:26:00","date_gmt":"2023-12-21T08:26:00","guid":{"rendered":"https:\/\/consejoescolar.educacion.navarra.es\/web1\/?p=31730"},"modified":"2023-12-20T11:13:21","modified_gmt":"2023-12-20T10:13:21","slug":"entre-olivos","status":"publish","type":"post","link":"https:\/\/consejoescolar.educacion.navarra.es\/web1\/2023\/12\/21\/entre-olivos\/","title":{"rendered":"Entre olivos"},"content":{"rendered":"\n<p>Se trata de un proyecto del alumnado del Aula Alternativa y de 3\u00baESO del IES Julio Caro Baroja que ha permitido la visita al CI Agroforestal de Pamplona. El alumnado que cursa el Grado Medio en T\u00e9cnico en Aceite de Oliva y Vinos junto con su profesorado ense\u00f1aron el proceso de producci\u00f3n del aceite de oliva desde la recogida de la oliva hasta el envasado y comercializaci\u00f3n.<\/p>\n\n\n\n<!--more-->\n\n\n\n<div class=\"wp-block-image\"><figure class=\"aligncenter size-large is-resized\"><a href=\"https:\/\/consejoescolar.educacion.navarra.es\/web1\/wp-content\/uploads\/2023\/12\/roberta-sorge-uOBApnN_K7w-unsplash-scaled-e1702887672494.jpg\"><img loading=\"lazy\" src=\"https:\/\/consejoescolar.educacion.navarra.es\/web1\/wp-content\/uploads\/2023\/12\/roberta-sorge-uOBApnN_K7w-unsplash-738x1024.jpg\" alt=\"\" class=\"wp-image-31731\" width=\"521\" height=\"723\"\/><\/a><\/figure><\/div>\n\n\n\n<p>Esta actividad complementaria se enmarca en el proyecto eTwinning \u2018Entre Olivos\u2019, que se desarrolla entre centros educativos de Portugal, Turqu\u00eda y Espa\u00f1a. El hilo conductor de este proyecto es el aceite de oliva,  esencia de la cocina, de la tradici\u00f3n y de la cultura de los tres pa\u00edses. Adem\u00e1s, tiene un enfoque inclusivo, ya que todo el alumnado participa de las actividades gracias a la metodolog\u00eda DUA. <\/p>\n\n\n\n<p><em>Puedes consultar <a href=\"https:\/\/consejoescolar.educacion.navarra.es\/web1\/wp-content\/uploads\/2023\/12\/3050.pdf\">aqu\u00ed<\/a> la noticia publicada en la web de Diario de Navarra <\/em>el 15\/12\/2023.<\/p>\n","protected":false},"excerpt":{"rendered":"<p>Se trata de un proyecto del alumnado del Aula Alternativa y de 3\u00baESO del IES Julio Caro Baroja que ha permitido la visita al CI Agroforestal de Pamplona. El alumnado que cursa el Grado Medio en T\u00e9cnico en Aceite de Oliva y Vinos junto con su profesorado ense\u00f1aron el proceso de producci\u00f3n del aceite de [&hellip;]<\/p>\n","protected":false},"author":1,"featured_media":31731,"comment_status":"closed","ping_status":"closed","sticky":false,"template":"","format":"standard","meta":{"_genesis_hide_title":false,"_genesis_hide_breadcrumbs":false,"_genesis_hide_singular_image":false,"_genesis_hide_footer_widgets":false,"_genesis_custom_body_class":"","_genesis_custom_post_class":"","_genesis_layout":"","jetpack_post_was_ever_published":false},"categories":[1],"tags":[],"jetpack_featured_media_url":"https:\/\/consejoescolar.educacion.navarra.es\/web1\/wp-content\/uploads\/2023\/12\/roberta-sorge-uOBApnN_K7w-unsplash-scaled-e1702887672494.jpg","_links":{"self":[{"href":"https:\/\/consejoescolar.educacion.navarra.es\/web1\/wp-json\/wp\/v2\/posts\/31730"}],"collection":[{"href":"https:\/\/consejoescolar.educacion.navarra.es\/web1\/wp-json\/wp\/v2\/posts"}],"about":[{"href":"https:\/\/consejoescolar.educacion.navarra.es\/web1\/wp-json\/wp\/v2\/types\/post"}],"author":[{"embeddable":true,"href":"https:\/\/consejoescolar.educacion.navarra.es\/web1\/wp-json\/wp\/v2\/users\/1"}],"replies":[{"embeddable":true,"href":"https:\/\/consejoescolar.educacion.navarra.es\/web1\/wp-json\/wp\/v2\/comments?post=31730"}],"version-history":[{"count":1,"href":"https:\/\/consejoescolar.educacion.navarra.es\/web1\/wp-json\/wp\/v2\/posts\/31730\/revisions"}],"predecessor-version":[{"id":31735,"href":"https:\/\/consejoescolar.educacion.navarra.es\/web1\/wp-json\/wp\/v2\/posts\/31730\/revisions\/31735"}],"wp:featuredmedia":[{"embeddable":true,"href":"https:\/\/consejoescolar.educacion.navarra.es\/web1\/wp-json\/wp\/v2\/media\/31731"}],"wp:attachment":[{"href":"https:\/\/consejoescolar.educacion.navarra.es\/web1\/wp-json\/wp\/v2\/media?parent=31730"}],"wp:term":[{"taxonomy":"category","embeddable":true,"href":"https:\/\/consejoescolar.educacion.navarra.es\/web1\/wp-json\/wp\/v2\/categories?post=31730"},{"taxonomy":"post_tag","embeddable":true,"href":"https:\/\/consejoescolar.educacion.navarra.es\/web1\/wp-json\/wp\/v2\/tags?post=31730"}],"curies":[{"name":"wp","href":"https:\/\/api.w.org\/{rel}","templated":true}]}}