{"id":30805,"date":"2023-09-04T13:08:31","date_gmt":"2023-09-04T11:08:31","guid":{"rendered":"https:\/\/consejoescolar.educacion.navarra.es\/web1\/?p=30805"},"modified":"2023-09-04T13:08:33","modified_gmt":"2023-09-04T11:08:33","slug":"euroskills","status":"publish","type":"post","link":"https:\/\/consejoescolar.educacion.navarra.es\/web1\/2023\/09\/04\/euroskills\/","title":{"rendered":"Euroskills"},"content":{"rendered":"\n<p>Un alumno del CIP Virgen del Camino, Alex Santesteban representar\u00e1 a Espa\u00f1a en la especialidad de CNC-Fresado en la competici\u00f3n europea <a href=\"https:\/\/euroskills2023.org\/\">Euroskills 2023<\/a>. Se trata de un concurso europeo de habilidades profesionales para j\u00f3venes menores 25 a\u00f1os, estudiantes o reci\u00e9n titulados de Formaci\u00f3n Profesional.<\/p>\n\n\n\n<!--more-->\n\n\n\n<figure class=\"wp-block-embed aligncenter is-type-video is-provider-youtube wp-block-embed-youtube wp-embed-aspect-16-9 wp-has-aspect-ratio\"><div class=\"wp-block-embed__wrapper\">\n<iframe loading=\"lazy\" title=\"EuroSkills Gda\u0144sk 2023 (ENG)\" width=\"500\" height=\"281\" src=\"https:\/\/www.youtube.com\/embed\/8AYFVt6pQJ4?feature=oembed\" frameborder=\"0\" allow=\"accelerometer; autoplay; clipboard-write; encrypted-media; gyroscope; picture-in-picture; web-share\" allowfullscreen><\/iframe>\n<\/div><\/figure>\n\n\n\n<p>El Ministerio de Educaci\u00f3n y Formaci\u00f3n Profesional organiza y promueve competiciones de destrezas (skills, en ingl\u00e9s) que constituyen un instrumento divulgativo de la Formaci\u00f3n Profesional y un medio para estimular a estudiantes, profesorado y empresas, adem\u00e1s de una plataforma de intercambio y un foro de debate sobre de la evoluci\u00f3n de los est\u00e1ndares profesionales, la calidad y la innovaci\u00f3n en los diferentes sectores productivos. Es <a href=\"https:\/\/spain-skills.es\/\">Spainkskills<\/a>.<\/p>\n\n\n\n<p>WorldSkills International y WorldSkills Europe son asociaciones no gubernamentales, sin \u00e1nimo de lucro, cuya principal actividad es organizar competiciones bienales de formaci\u00f3n profesional, son europeas (EuroSkills) y mundiales (WorldSkills).<\/p>\n\n\n\n<p><em>Puedes consultar <a href=\"https:\/\/consejoescolar.educacion.navarra.es\/web1\/wp-content\/uploads\/2023\/08\/3029.pdf\">aqu\u00ed<\/a> la noticia publicada en la web de Gobierno de Navarra el 29\/08\/2023 y <a href=\"https:\/\/consejoescolar.educacion.navarra.es\/web1\/wp-content\/uploads\/2023\/08\/3030.pdf\">aqu\u00ed<\/a> la del Diario de Navarra del 31\/08\/2023. <\/em><\/p>\n","protected":false},"excerpt":{"rendered":"<p>Un alumno del CIP Virgen del Camino, Alex Santesteban representar\u00e1 a Espa\u00f1a en la especialidad de CNC-Fresado en la competici\u00f3n europea Euroskills 2023. Se trata de un concurso europeo de habilidades profesionales para j\u00f3venes menores 25 a\u00f1os, estudiantes o reci\u00e9n titulados de Formaci\u00f3n Profesional.<\/p>\n","protected":false},"author":1,"featured_media":30821,"comment_status":"closed","ping_status":"closed","sticky":false,"template":"","format":"standard","meta":{"_genesis_hide_title":false,"_genesis_hide_breadcrumbs":false,"_genesis_hide_singular_image":false,"_genesis_hide_footer_widgets":false,"_genesis_custom_body_class":"","_genesis_custom_post_class":"","_genesis_layout":"","jetpack_post_was_ever_published":false},"categories":[1],"tags":[],"jetpack_featured_media_url":"https:\/\/consejoescolar.educacion.navarra.es\/web1\/wp-content\/uploads\/2023\/08\/bbb.png","_links":{"self":[{"href":"https:\/\/consejoescolar.educacion.navarra.es\/web1\/wp-json\/wp\/v2\/posts\/30805"}],"collection":[{"href":"https:\/\/consejoescolar.educacion.navarra.es\/web1\/wp-json\/wp\/v2\/posts"}],"about":[{"href":"https:\/\/consejoescolar.educacion.navarra.es\/web1\/wp-json\/wp\/v2\/types\/post"}],"author":[{"embeddable":true,"href":"https:\/\/consejoescolar.educacion.navarra.es\/web1\/wp-json\/wp\/v2\/users\/1"}],"replies":[{"embeddable":true,"href":"https:\/\/consejoescolar.educacion.navarra.es\/web1\/wp-json\/wp\/v2\/comments?post=30805"}],"version-history":[{"count":3,"href":"https:\/\/consejoescolar.educacion.navarra.es\/web1\/wp-json\/wp\/v2\/posts\/30805\/revisions"}],"predecessor-version":[{"id":30818,"href":"https:\/\/consejoescolar.educacion.navarra.es\/web1\/wp-json\/wp\/v2\/posts\/30805\/revisions\/30818"}],"wp:featuredmedia":[{"embeddable":true,"href":"https:\/\/consejoescolar.educacion.navarra.es\/web1\/wp-json\/wp\/v2\/media\/30821"}],"wp:attachment":[{"href":"https:\/\/consejoescolar.educacion.navarra.es\/web1\/wp-json\/wp\/v2\/media?parent=30805"}],"wp:term":[{"taxonomy":"category","embeddable":true,"href":"https:\/\/consejoescolar.educacion.navarra.es\/web1\/wp-json\/wp\/v2\/categories?post=30805"},{"taxonomy":"post_tag","embeddable":true,"href":"https:\/\/consejoescolar.educacion.navarra.es\/web1\/wp-json\/wp\/v2\/tags?post=30805"}],"curies":[{"name":"wp","href":"https:\/\/api.w.org\/{rel}","templated":true}]}}