{"id":30287,"date":"2023-08-07T09:50:14","date_gmt":"2023-08-07T07:50:14","guid":{"rendered":"https:\/\/consejoescolar.educacion.navarra.es\/web1\/?p=30287"},"modified":"2023-08-16T09:30:43","modified_gmt":"2023-08-16T07:30:43","slug":"laboreso","status":"publish","type":"post","link":"https:\/\/consejoescolar.educacion.navarra.es\/web1\/2023\/08\/07\/laboreso\/","title":{"rendered":"LaborESO"},"content":{"rendered":"\n<p><a href=\"https:\/\/euroguidance-spain.educacionyfp.gob.es\/buenas-practicas\/programa-laboreso.html\">LaborESO<\/a> es un programa de acercamiento temprano al mundo laboral de alumnado de Educaci\u00f3n Secundaria Obligatoria. Los alumnos y alumnas participantes permanecen en una empresa durante dos semanas, lo que les permite mejorar su conocimiento de s\u00ed mismos, de sus habilidades, capacidades e intereses, y tambi\u00e9n adquieren un mejor conocimiento de la realidad laboral, al tener un contacto directo con la misma.<\/p>\n\n\n\n<!--more-->\n\n\n\n<div class=\"wp-block-image\"><figure class=\"aligncenter size-large is-resized\"><a href=\"https:\/\/consejoescolar.educacion.navarra.es\/web1\/wp-content\/uploads\/2023\/06\/sol-tZw3fcjUIpM-unsplash-scaled.jpg\"><img loading=\"lazy\" src=\"https:\/\/consejoescolar.educacion.navarra.es\/web1\/wp-content\/uploads\/2023\/06\/sol-tZw3fcjUIpM-unsplash-1024x684.jpg\" alt=\"\" class=\"wp-image-30289\" width=\"725\" height=\"484\"\/><\/a><\/figure><\/div>\n\n\n\n<p>El programa est\u00e1 concebido como una actividad de ense\u00f1anza y aprendizaje que forma parte del Plan de Orientaci\u00f3n Acad\u00e9mica y Profesional de los departamentos de orientaci\u00f3n de los institutos. En este curso han participado un total de 120 estudiantes, 23 docentes y 100 empresas pertenecientes a los sectores de  peluquer\u00eda y est\u00e9tica, ganader\u00eda, actividades deportivas, comercio y restauraci\u00f3n, construcci\u00f3n, inform\u00e1tica, hosteler\u00eda, mecanizado, mantenimiento de parques y jardines, telecomunicaciones, farmacia, imagen y sonido, administraci\u00f3n y salud.<\/p>\n\n\n\n<p><em>Puedes consultar <a href=\"https:\/\/www.navarra.es\/es\/-\/nota-prensa\/120-estudiantes-navarros-obtienen-este-curso-los-diplomas-laboreso-tras-realizar-estancias-de-dos-semanas-en-un-centenar-de-empresas\">aqu\u00ed<\/a> la noticia publicada en la web de Gobierno de Navarra. <\/em><\/p>\n","protected":false},"excerpt":{"rendered":"<p>LaborESO es un programa de acercamiento temprano al mundo laboral de alumnado de Educaci\u00f3n Secundaria Obligatoria. Los alumnos y alumnas participantes permanecen en una empresa durante dos semanas, lo que les permite mejorar su conocimiento de s\u00ed mismos, de sus habilidades, capacidades e intereses, y tambi\u00e9n adquieren un mejor conocimiento de la realidad laboral, al [&hellip;]<\/p>\n","protected":false},"author":1,"featured_media":30289,"comment_status":"closed","ping_status":"closed","sticky":false,"template":"","format":"standard","meta":{"_genesis_hide_title":false,"_genesis_hide_breadcrumbs":false,"_genesis_hide_singular_image":false,"_genesis_hide_footer_widgets":false,"_genesis_custom_body_class":"","_genesis_custom_post_class":"","_genesis_layout":"","jetpack_post_was_ever_published":false},"categories":[1],"tags":[],"jetpack_featured_media_url":"https:\/\/consejoescolar.educacion.navarra.es\/web1\/wp-content\/uploads\/2023\/06\/sol-tZw3fcjUIpM-unsplash-scaled-e1687762391246.jpg","_links":{"self":[{"href":"https:\/\/consejoescolar.educacion.navarra.es\/web1\/wp-json\/wp\/v2\/posts\/30287"}],"collection":[{"href":"https:\/\/consejoescolar.educacion.navarra.es\/web1\/wp-json\/wp\/v2\/posts"}],"about":[{"href":"https:\/\/consejoescolar.educacion.navarra.es\/web1\/wp-json\/wp\/v2\/types\/post"}],"author":[{"embeddable":true,"href":"https:\/\/consejoescolar.educacion.navarra.es\/web1\/wp-json\/wp\/v2\/users\/1"}],"replies":[{"embeddable":true,"href":"https:\/\/consejoescolar.educacion.navarra.es\/web1\/wp-json\/wp\/v2\/comments?post=30287"}],"version-history":[{"count":2,"href":"https:\/\/consejoescolar.educacion.navarra.es\/web1\/wp-json\/wp\/v2\/posts\/30287\/revisions"}],"predecessor-version":[{"id":30292,"href":"https:\/\/consejoescolar.educacion.navarra.es\/web1\/wp-json\/wp\/v2\/posts\/30287\/revisions\/30292"}],"wp:featuredmedia":[{"embeddable":true,"href":"https:\/\/consejoescolar.educacion.navarra.es\/web1\/wp-json\/wp\/v2\/media\/30289"}],"wp:attachment":[{"href":"https:\/\/consejoescolar.educacion.navarra.es\/web1\/wp-json\/wp\/v2\/media?parent=30287"}],"wp:term":[{"taxonomy":"category","embeddable":true,"href":"https:\/\/consejoescolar.educacion.navarra.es\/web1\/wp-json\/wp\/v2\/categories?post=30287"},{"taxonomy":"post_tag","embeddable":true,"href":"https:\/\/consejoescolar.educacion.navarra.es\/web1\/wp-json\/wp\/v2\/tags?post=30287"}],"curies":[{"name":"wp","href":"https:\/\/api.w.org\/{rel}","templated":true}]}}