{"id":29790,"date":"2023-06-21T12:27:09","date_gmt":"2023-06-21T10:27:09","guid":{"rendered":"https:\/\/consejoescolar.educacion.navarra.es\/web1\/?p=29790"},"modified":"2023-06-21T12:27:11","modified_gmt":"2023-06-21T10:27:11","slug":"ponte-al-corriente-involucrate","status":"publish","type":"post","link":"https:\/\/consejoescolar.educacion.navarra.es\/web1\/2023\/06\/21\/ponte-al-corriente-involucrate\/","title":{"rendered":"Ponte al corriente, invol\u00facrate"},"content":{"rendered":"\n<p>El proyecto de aprendizaje y servicio realizado por alumnado de 6\u00ba de EP del <a href=\"https:\/\/sites.google.com\/educacion.navarra.es\/cardenal-ilundain\/%C3%BAltimas-noticias\">colegio Cardenal Ilundain<\/a> lleva el t\u00edtulo: Ponte al corriente, invol\u00facrate. El objetivo es ayudar desde el colegio a crear un barrio m\u00e1s sostenible y respetuoso con el medio ambiente.<\/p>\n\n\n\n<!--more-->\n\n\n\n<figure class=\"wp-block-image size-full\"><a href=\"https:\/\/consejoescolar.educacion.navarra.es\/web1\/wp-content\/uploads\/2023\/05\/ggg.png\"><img loading=\"lazy\" width=\"950\" height=\"527\" src=\"https:\/\/consejoescolar.educacion.navarra.es\/web1\/wp-content\/uploads\/2023\/05\/ggg.png\" alt=\"\" class=\"wp-image-29894\" srcset=\"https:\/\/consejoescolar.educacion.navarra.es\/web1\/wp-content\/uploads\/2023\/05\/ggg.png 950w, https:\/\/consejoescolar.educacion.navarra.es\/web1\/wp-content\/uploads\/2023\/05\/ggg-300x166.png 300w, https:\/\/consejoescolar.educacion.navarra.es\/web1\/wp-content\/uploads\/2023\/05\/ggg-768x426.png 768w\" sizes=\"(max-width: 950px) 100vw, 950px\" \/><\/a><\/figure>\n\n\n\n<p>Han realizado diferentes acciones, dirigidas a familias y vecindario, con el objetivo de ayudarnos a mejorar nuestros h\u00e1bitos de consumo energ\u00e9tico. Entre ellas, han realizado encuestas, tr\u00edpticos y paneles informativos, un video sobre el impacto medioambiental, folletos sobre la factura de la luz, un manual de buenas pr\u00e1cticas, y una charla\/exposici\u00f3n del proyecto abierta al p\u00fablico celebrada en el Civivox Jus la Rocha.<\/p>\n\n\n\n<p><em>Consulta el video <a href=\"https:\/\/drive.google.com\/file\/d\/1b92pHEPBfv0Zdmitfp58VX31QKf_-CsS\/view\">aqu\u00ed<\/a>.<\/em><\/p>\n\n\n\n<p><a href=\"https:\/\/docs.google.com\/presentation\/d\/1ylgcBx5qayYqRt8H6i-M9jOVroSPkOKG6vZoOaxq--Y\/edit#slide=id.p1\"><em>Aq<\/em><\/a><em><a href=\"https:\/\/docs.google.com\/presentation\/d\/1ylgcBx5qayYqRt8H6i-M9jOVroSPkOKG6vZoOaxq--Y\/edit#slide=id.p1\">u\u00ed<\/a> puedes ver el proyecto y <a href=\"https:\/\/consejoescolar.educacion.navarra.es\/web1\/wp-content\/uploads\/2023\/05\/3010.pdf\">aqu\u00ed<\/a> la noticia publicada en Diario de Navarra el 18\/05\/2023.<\/em><\/p>\n","protected":false},"excerpt":{"rendered":"<p>El proyecto de aprendizaje y servicio realizado por alumnado de 6\u00ba de EP del colegio Cardenal Ilundain lleva el t\u00edtulo: Ponte al corriente, invol\u00facrate. El objetivo es ayudar desde el colegio a crear un barrio m\u00e1s sostenible y respetuoso con el medio ambiente.<\/p>\n","protected":false},"author":1,"featured_media":29894,"comment_status":"closed","ping_status":"closed","sticky":false,"template":"","format":"standard","meta":{"_genesis_hide_title":false,"_genesis_hide_breadcrumbs":false,"_genesis_hide_singular_image":false,"_genesis_hide_footer_widgets":false,"_genesis_custom_body_class":"","_genesis_custom_post_class":"","_genesis_layout":"","jetpack_post_was_ever_published":false},"categories":[1],"tags":[],"jetpack_featured_media_url":"https:\/\/consejoescolar.educacion.navarra.es\/web1\/wp-content\/uploads\/2023\/05\/ggg.png","_links":{"self":[{"href":"https:\/\/consejoescolar.educacion.navarra.es\/web1\/wp-json\/wp\/v2\/posts\/29790"}],"collection":[{"href":"https:\/\/consejoescolar.educacion.navarra.es\/web1\/wp-json\/wp\/v2\/posts"}],"about":[{"href":"https:\/\/consejoescolar.educacion.navarra.es\/web1\/wp-json\/wp\/v2\/types\/post"}],"author":[{"embeddable":true,"href":"https:\/\/consejoescolar.educacion.navarra.es\/web1\/wp-json\/wp\/v2\/users\/1"}],"replies":[{"embeddable":true,"href":"https:\/\/consejoescolar.educacion.navarra.es\/web1\/wp-json\/wp\/v2\/comments?post=29790"}],"version-history":[{"count":3,"href":"https:\/\/consejoescolar.educacion.navarra.es\/web1\/wp-json\/wp\/v2\/posts\/29790\/revisions"}],"predecessor-version":[{"id":29896,"href":"https:\/\/consejoescolar.educacion.navarra.es\/web1\/wp-json\/wp\/v2\/posts\/29790\/revisions\/29896"}],"wp:featuredmedia":[{"embeddable":true,"href":"https:\/\/consejoescolar.educacion.navarra.es\/web1\/wp-json\/wp\/v2\/media\/29894"}],"wp:attachment":[{"href":"https:\/\/consejoescolar.educacion.navarra.es\/web1\/wp-json\/wp\/v2\/media?parent=29790"}],"wp:term":[{"taxonomy":"category","embeddable":true,"href":"https:\/\/consejoescolar.educacion.navarra.es\/web1\/wp-json\/wp\/v2\/categories?post=29790"},{"taxonomy":"post_tag","embeddable":true,"href":"https:\/\/consejoescolar.educacion.navarra.es\/web1\/wp-json\/wp\/v2\/tags?post=29790"}],"curies":[{"name":"wp","href":"https:\/\/api.w.org\/{rel}","templated":true}]}}