{"id":29681,"date":"2023-05-16T09:26:39","date_gmt":"2023-05-16T07:26:39","guid":{"rendered":"https:\/\/consejoescolar.educacion.navarra.es\/web1\/?p=29681"},"modified":"2023-05-16T09:26:42","modified_gmt":"2023-05-16T07:26:42","slug":"vecinos-transfronterizos","status":"publish","type":"post","link":"https:\/\/consejoescolar.educacion.navarra.es\/web1\/2023\/05\/16\/vecinos-transfronterizos\/","title":{"rendered":"Vecinos transfronterizos"},"content":{"rendered":"\n<p>El alumnado de 2\u00ba de ESO del <a href=\"https:\/\/larraintzarip.educacion.navarra.es\/blogs\/erasmus\/\">IESO Larraintzar &#8211; DBHI Larraintzarko ikastetxea<\/a>, est\u00e1 inmerso en un proyecto Erasmus+ llamado \u201cVecinos transfronterizos: De lo rural a lo rural\u201d junto con el alumnado del <a href=\"https:\/\/www.citescolairedenay.fr\/le-college\/actualites\">Coll\u00e8ge Henry-IV de Nay<\/a>. El IESO Larraintzar &#8211; Larraintzarko ikastetxea consigui\u00f3 esta movilidad Erasmus+ en la convocatoria de 2022, otorgada por el SEPIE (Servicio Espa\u00f1ol para la Internacionalizaci\u00f3n de la Educaci\u00f3n); por lo tanto, esta movilidad escolar est\u00e1 cofinanciado con fondos del Programa Erasmus+ de la Uni\u00f3n Europea.<\/p>\n\n\n\n<!--more-->\n\n\n\n<div class=\"wp-block-image\"><figure class=\"aligncenter size-large is-resized\"><a href=\"https:\/\/consejoescolar.educacion.navarra.es\/web1\/wp-content\/uploads\/2023\/05\/tom-jur-HgJ0PSVZ1oo-unsplash-scaled-e1683791591166.jpg\"><img loading=\"lazy\" src=\"https:\/\/consejoescolar.educacion.navarra.es\/web1\/wp-content\/uploads\/2023\/05\/tom-jur-HgJ0PSVZ1oo-unsplash-1024x681.jpg\" alt=\"\" class=\"wp-image-29685\" width=\"729\" height=\"484\"\/><\/a><\/figure><\/div>\n\n\n\n<p>Uno de los objetivos ha sido, estrechar los lazos entre regiones vecinas, y compartir sus similitudes y tambi\u00e9n diferencias a todos los niveles (cultura, lengua, costumbres y tradiciones, formas de vida). El alumnado de ambos pa\u00edses ha trabajado en las actividades dise\u00f1adas conjuntamente con anterioridad a la estancia. <\/p>\n\n\n\n<p><em>Puedes consultar <a href=\"https:\/\/consejoescolar.educacion.navarra.es\/web1\/wp-content\/uploads\/2023\/05\/3008.pdf\">aqu\u00ed<\/a> la nota de prensa elaborada por el IESO Larraintzar &#8211; DBHI Larraintzarko ikastetxea.<\/em><\/p>\n","protected":false},"excerpt":{"rendered":"<p>El alumnado de 2\u00ba de ESO del IESO Larraintzar &#8211; DBHI Larraintzarko ikastetxea, est\u00e1 inmerso en un proyecto Erasmus+ llamado \u201cVecinos transfronterizos: De lo rural a lo rural\u201d junto con el alumnado del Coll\u00e8ge Henry-IV de Nay. El IESO Larraintzar &#8211; Larraintzarko ikastetxea consigui\u00f3 esta movilidad Erasmus+ en la convocatoria de 2022, otorgada por el [&hellip;]<\/p>\n","protected":false},"author":1,"featured_media":29685,"comment_status":"closed","ping_status":"closed","sticky":false,"template":"","format":"standard","meta":{"_genesis_hide_title":false,"_genesis_hide_breadcrumbs":false,"_genesis_hide_singular_image":false,"_genesis_hide_footer_widgets":false,"_genesis_custom_body_class":"","_genesis_custom_post_class":"","_genesis_layout":"","jetpack_post_was_ever_published":false},"categories":[1],"tags":[],"jetpack_featured_media_url":"https:\/\/consejoescolar.educacion.navarra.es\/web1\/wp-content\/uploads\/2023\/05\/tom-jur-HgJ0PSVZ1oo-unsplash-scaled-e1683791591166.jpg","_links":{"self":[{"href":"https:\/\/consejoescolar.educacion.navarra.es\/web1\/wp-json\/wp\/v2\/posts\/29681"}],"collection":[{"href":"https:\/\/consejoescolar.educacion.navarra.es\/web1\/wp-json\/wp\/v2\/posts"}],"about":[{"href":"https:\/\/consejoescolar.educacion.navarra.es\/web1\/wp-json\/wp\/v2\/types\/post"}],"author":[{"embeddable":true,"href":"https:\/\/consejoescolar.educacion.navarra.es\/web1\/wp-json\/wp\/v2\/users\/1"}],"replies":[{"embeddable":true,"href":"https:\/\/consejoescolar.educacion.navarra.es\/web1\/wp-json\/wp\/v2\/comments?post=29681"}],"version-history":[{"count":7,"href":"https:\/\/consejoescolar.educacion.navarra.es\/web1\/wp-json\/wp\/v2\/posts\/29681\/revisions"}],"predecessor-version":[{"id":29748,"href":"https:\/\/consejoescolar.educacion.navarra.es\/web1\/wp-json\/wp\/v2\/posts\/29681\/revisions\/29748"}],"wp:featuredmedia":[{"embeddable":true,"href":"https:\/\/consejoescolar.educacion.navarra.es\/web1\/wp-json\/wp\/v2\/media\/29685"}],"wp:attachment":[{"href":"https:\/\/consejoescolar.educacion.navarra.es\/web1\/wp-json\/wp\/v2\/media?parent=29681"}],"wp:term":[{"taxonomy":"category","embeddable":true,"href":"https:\/\/consejoescolar.educacion.navarra.es\/web1\/wp-json\/wp\/v2\/categories?post=29681"},{"taxonomy":"post_tag","embeddable":true,"href":"https:\/\/consejoescolar.educacion.navarra.es\/web1\/wp-json\/wp\/v2\/tags?post=29681"}],"curies":[{"name":"wp","href":"https:\/\/api.w.org\/{rel}","templated":true}]}}