{"id":2956,"date":"2016-02-12T13:19:22","date_gmt":"2016-02-12T12:19:22","guid":{"rendered":"http:\/\/consejoescolar.educacion.navarra.es\/web1\/?p=2956"},"modified":"2016-02-12T13:19:22","modified_gmt":"2016-02-12T12:19:22","slug":"resumenes-inse-2014-2015","status":"publish","type":"post","link":"https:\/\/consejoescolar.educacion.navarra.es\/web1\/2016\/02\/12\/resumenes-inse-2014-2015\/","title":{"rendered":"Res\u00famenes INSE 2014-2015"},"content":{"rendered":"<p>Con el fin de remarcar\u00a0la informaci\u00f3n m\u00e1s significativa de su Informe del Sistema Educativo en Navarra 2014-2015, el Consejo Escolar de Navarra est\u00e1 elaborando res\u00famenes de los diferentes cap\u00edtulos que lo conforman. Los res\u00famenes de los cap\u00edtulos 2, 3 y 4 ya est\u00e1n disponibles para su consulta y descarga en la secci\u00f3n \u00ab<a href=\"https:\/\/consejoescolar.educacion.navarra.es\/web1\/ficheros-2\/inse\/\" target=\"_blank\">Ficheros<\/a>\u00ab.<\/p>\n<p><!--more--><\/p>\n<p>El cap\u00edtulo 2 trata sobre\u00a0el contexto de la educaci\u00f3n en Navarra, el cap\u00edtulo 3 sobre\u00a0los recursos materiales y humanos, y el cap\u00edtulo 4 describe\u00a0los procesos y las pol\u00edticas educativas. Pr\u00f3ximamente se colgar\u00e1 el resumen del cap\u00edtulo 5, que aborda los resultados del sistema escolar.<\/p>\n<p><a href=\"https:\/\/consejoescolar.educacion.navarra.es\/web1\/ficheros-2\/inse\/\" target=\"_blank\"><img loading=\"lazy\" class=\"aligncenter size-full wp-image-2970\" src=\"http:\/\/consejoescolar.educacion.navarra.es\/web1\/wp-content\/uploads\/2016\/02\/INSE-PORTADA.jpg\" alt=\"INSE PORTADA\" width=\"1206\" height=\"742\" srcset=\"https:\/\/consejoescolar.educacion.navarra.es\/web1\/wp-content\/uploads\/2016\/02\/INSE-PORTADA.jpg 1206w, https:\/\/consejoescolar.educacion.navarra.es\/web1\/wp-content\/uploads\/2016\/02\/INSE-PORTADA-300x185.jpg 300w, https:\/\/consejoescolar.educacion.navarra.es\/web1\/wp-content\/uploads\/2016\/02\/INSE-PORTADA-768x473.jpg 768w, https:\/\/consejoescolar.educacion.navarra.es\/web1\/wp-content\/uploads\/2016\/02\/INSE-PORTADA-1024x630.jpg 1024w\" sizes=\"(max-width: 1206px) 100vw, 1206px\" \/><\/a><\/p>\n<p>&nbsp;<\/p>\n<p>&nbsp;<\/p>\n","protected":false},"excerpt":{"rendered":"<p>Con el fin de remarcar\u00a0la informaci\u00f3n m\u00e1s significativa de su Informe del Sistema Educativo en Navarra 2014-2015, el Consejo Escolar de Navarra est\u00e1 elaborando res\u00famenes de los diferentes cap\u00edtulos que lo conforman. Los res\u00famenes de los cap\u00edtulos 2, 3 y 4 ya est\u00e1n disponibles para su consulta y descarga en la secci\u00f3n \u00abFicheros\u00ab.<\/p>\n","protected":false},"author":1,"featured_media":2970,"comment_status":"closed","ping_status":"closed","sticky":false,"template":"","format":"standard","meta":{"_genesis_hide_title":false,"_genesis_hide_breadcrumbs":false,"_genesis_hide_singular_image":false,"_genesis_hide_footer_widgets":false,"_genesis_custom_body_class":"","_genesis_custom_post_class":"","_genesis_layout":"","jetpack_post_was_ever_published":false},"categories":[14],"tags":[],"jetpack_featured_media_url":"https:\/\/consejoescolar.educacion.navarra.es\/web1\/wp-content\/uploads\/2016\/02\/INSE-PORTADA.jpg","_links":{"self":[{"href":"https:\/\/consejoescolar.educacion.navarra.es\/web1\/wp-json\/wp\/v2\/posts\/2956"}],"collection":[{"href":"https:\/\/consejoescolar.educacion.navarra.es\/web1\/wp-json\/wp\/v2\/posts"}],"about":[{"href":"https:\/\/consejoescolar.educacion.navarra.es\/web1\/wp-json\/wp\/v2\/types\/post"}],"author":[{"embeddable":true,"href":"https:\/\/consejoescolar.educacion.navarra.es\/web1\/wp-json\/wp\/v2\/users\/1"}],"replies":[{"embeddable":true,"href":"https:\/\/consejoescolar.educacion.navarra.es\/web1\/wp-json\/wp\/v2\/comments?post=2956"}],"version-history":[{"count":4,"href":"https:\/\/consejoescolar.educacion.navarra.es\/web1\/wp-json\/wp\/v2\/posts\/2956\/revisions"}],"predecessor-version":[{"id":2976,"href":"https:\/\/consejoescolar.educacion.navarra.es\/web1\/wp-json\/wp\/v2\/posts\/2956\/revisions\/2976"}],"wp:featuredmedia":[{"embeddable":true,"href":"https:\/\/consejoescolar.educacion.navarra.es\/web1\/wp-json\/wp\/v2\/media\/2970"}],"wp:attachment":[{"href":"https:\/\/consejoescolar.educacion.navarra.es\/web1\/wp-json\/wp\/v2\/media?parent=2956"}],"wp:term":[{"taxonomy":"category","embeddable":true,"href":"https:\/\/consejoescolar.educacion.navarra.es\/web1\/wp-json\/wp\/v2\/categories?post=2956"},{"taxonomy":"post_tag","embeddable":true,"href":"https:\/\/consejoescolar.educacion.navarra.es\/web1\/wp-json\/wp\/v2\/tags?post=2956"}],"curies":[{"name":"wp","href":"https:\/\/api.w.org\/{rel}","templated":true}]}}