{"id":28617,"date":"2023-02-17T09:05:29","date_gmt":"2023-02-17T08:05:29","guid":{"rendered":"https:\/\/consejoescolar.educacion.navarra.es\/web1\/?p=28617"},"modified":"2023-02-17T09:32:59","modified_gmt":"2023-02-17T08:32:59","slug":"comparecencia-en-el-parlamento-2023","status":"publish","type":"post","link":"https:\/\/consejoescolar.educacion.navarra.es\/web1\/2023\/02\/17\/comparecencia-en-el-parlamento-2023\/","title":{"rendered":"Comparecencia en el Parlamento 2023"},"content":{"rendered":"\n<p>El d\u00eda 15 de febrero de 2023, el presidente del Consejo Escolar de Navarra, Manuel Mart\u00edn Iglesias, compareci\u00f3 en el Parlamento de Navarra para presentar el <a href=\"https:\/\/drive.google.com\/file\/d\/10xfpfVVi0AQuY7astCEgNEooDTzyPLtY\/view?usp=sharing\" target=\"_blank\" rel=\"noreferrer noopener\">Informe del sistema educativo en Navarra<\/a> relativo al curso 2021-2022 (ISEN).<\/p>\n\n\n\n<!--more-->\n\n\n\n<figure class=\"wp-block-embed is-type-video is-provider-youtube wp-block-embed-youtube wp-embed-aspect-16-9 wp-has-aspect-ratio\"><div class=\"wp-block-embed__wrapper\">\n<iframe loading=\"lazy\" title=\"Presentaci\u00f3n ISEN 21 22 15 febrero 2023\" width=\"500\" height=\"281\" src=\"https:\/\/www.youtube.com\/embed\/8OZXj-i6CsQ?feature=oembed\" frameborder=\"0\" allow=\"accelerometer; autoplay; clipboard-write; encrypted-media; gyroscope; picture-in-picture; web-share\" allowfullscreen><\/iframe>\n<\/div><\/figure>\n\n\n\n<p>El ISEN fue aprobado por unanimidad en el Pleno del 30 de noviembre de 2022. <\/p>\n\n\n\n<p>I<a href=\"https:\/\/drive.google.com\/file\/d\/10xfpfVVi0AQuY7astCEgNEooDTzyPLtY\/view?usp=sharing\" target=\"_blank\" rel=\"noreferrer noopener\">SEN 2021-2022 castellano.<\/a><\/p>\n\n\n\n<p><a href=\"https:\/\/drive.google.com\/file\/d\/1rnzz4cu-GMnL6gDykQf8SEZySSYFL2Ak\/view?usp=sharing\" target=\"_blank\" rel=\"noreferrer noopener\">ISEN 2021-2022 euskera.<\/a><\/p>\n\n\n\n<p><a href=\"https:\/\/consejoescolar.educacion.navarra.es\/web1\/wp-content\/uploads\/2023\/02\/2993.pdf\">Aqu\u00ed<\/a> se puede consultar la noticia publicada en el Diario de Noticias relativa al ISEN, <a href=\"https:\/\/consejoescolar.educacion.navarra.es\/web1\/wp-content\/uploads\/2023\/02\/2992.pdf\">aqu\u00ed <\/a>en el Diario de Navarra.<\/p>\n","protected":false},"excerpt":{"rendered":"<p>El d\u00eda 15 de febrero de 2023, el presidente del Consejo Escolar de Navarra, Manuel Mart\u00edn Iglesias, compareci\u00f3 en el Parlamento de Navarra para presentar el Informe del sistema educativo en Navarra relativo al curso 2021-2022 (ISEN).<\/p>\n","protected":false},"author":1,"featured_media":28629,"comment_status":"closed","ping_status":"closed","sticky":false,"template":"","format":"standard","meta":{"_genesis_hide_title":false,"_genesis_hide_breadcrumbs":false,"_genesis_hide_singular_image":false,"_genesis_hide_footer_widgets":false,"_genesis_custom_body_class":"","_genesis_custom_post_class":"","_genesis_layout":"","jetpack_post_was_ever_published":false},"categories":[1],"tags":[],"jetpack_featured_media_url":"https:\/\/consejoescolar.educacion.navarra.es\/web1\/wp-content\/uploads\/2023\/02\/2.png","_links":{"self":[{"href":"https:\/\/consejoescolar.educacion.navarra.es\/web1\/wp-json\/wp\/v2\/posts\/28617"}],"collection":[{"href":"https:\/\/consejoescolar.educacion.navarra.es\/web1\/wp-json\/wp\/v2\/posts"}],"about":[{"href":"https:\/\/consejoescolar.educacion.navarra.es\/web1\/wp-json\/wp\/v2\/types\/post"}],"author":[{"embeddable":true,"href":"https:\/\/consejoescolar.educacion.navarra.es\/web1\/wp-json\/wp\/v2\/users\/1"}],"replies":[{"embeddable":true,"href":"https:\/\/consejoescolar.educacion.navarra.es\/web1\/wp-json\/wp\/v2\/comments?post=28617"}],"version-history":[{"count":6,"href":"https:\/\/consejoescolar.educacion.navarra.es\/web1\/wp-json\/wp\/v2\/posts\/28617\/revisions"}],"predecessor-version":[{"id":28675,"href":"https:\/\/consejoescolar.educacion.navarra.es\/web1\/wp-json\/wp\/v2\/posts\/28617\/revisions\/28675"}],"wp:featuredmedia":[{"embeddable":true,"href":"https:\/\/consejoescolar.educacion.navarra.es\/web1\/wp-json\/wp\/v2\/media\/28629"}],"wp:attachment":[{"href":"https:\/\/consejoescolar.educacion.navarra.es\/web1\/wp-json\/wp\/v2\/media?parent=28617"}],"wp:term":[{"taxonomy":"category","embeddable":true,"href":"https:\/\/consejoescolar.educacion.navarra.es\/web1\/wp-json\/wp\/v2\/categories?post=28617"},{"taxonomy":"post_tag","embeddable":true,"href":"https:\/\/consejoescolar.educacion.navarra.es\/web1\/wp-json\/wp\/v2\/tags?post=28617"}],"curies":[{"name":"wp","href":"https:\/\/api.w.org\/{rel}","templated":true}]}}