{"id":27925,"date":"2023-01-16T09:44:07","date_gmt":"2023-01-16T08:44:07","guid":{"rendered":"https:\/\/consejoescolar.educacion.navarra.es\/web1\/?p=27925"},"modified":"2023-01-16T09:44:10","modified_gmt":"2023-01-16T08:44:10","slug":"memoria-2021-2022","status":"publish","type":"post","link":"https:\/\/consejoescolar.educacion.navarra.es\/web1\/2023\/01\/16\/memoria-2021-2022\/","title":{"rendered":"Memoria 2021-2022"},"content":{"rendered":"\n<p>Ya est\u00e1 disponible para su consulta la <a href=\"https:\/\/consejoescolar.educacion.navarra.es\/web1\/wp-content\/uploads\/2023\/01\/Memoria-2021-2022-cas-eus-navegable-definitivo.pdf\" target=\"_blank\" rel=\"noreferrer noopener\">Memoria del Consejo Escolar de Navarra del curso 20<\/a>21-2022, aprobada por unanimidad en la sesi\u00f3n plenaria celebrada el d\u00eda 21 de diciembre.<\/p>\n\n\n\n<!--more-->\n\n\n\n<figure class=\"wp-block-image size-large\"><a href=\"https:\/\/consejoescolar.educacion.navarra.es\/web1\/wp-content\/uploads\/2023\/01\/portada.png\"><img loading=\"lazy\" width=\"723\" height=\"1024\" src=\"https:\/\/consejoescolar.educacion.navarra.es\/web1\/wp-content\/uploads\/2023\/01\/portada-723x1024.png\" alt=\"\" class=\"wp-image-27927\" srcset=\"https:\/\/consejoescolar.educacion.navarra.es\/web1\/wp-content\/uploads\/2023\/01\/portada-723x1024.png 723w, https:\/\/consejoescolar.educacion.navarra.es\/web1\/wp-content\/uploads\/2023\/01\/portada-212x300.png 212w, https:\/\/consejoescolar.educacion.navarra.es\/web1\/wp-content\/uploads\/2023\/01\/portada-768x1088.png 768w, https:\/\/consejoescolar.educacion.navarra.es\/web1\/wp-content\/uploads\/2023\/01\/portada.png 950w\" sizes=\"(max-width: 723px) 100vw, 723px\" \/><\/a><\/figure>\n\n\n\n<p>En la Memoria se recoge la actividad llevada a cabo por el Consejo durante el \u00faltimo curso escolar. En ella se informa de todas las sesiones del Pleno y de la Comisi\u00f3n Permanente as\u00ed como todo lo relativo al r\u00e9gimen jur\u00eddico, la composici\u00f3n y las tareas del Consejo, los dict\u00e1menes emitidos, la presencia del Consejo en la red, las Jornadas realizadas y sus publicaciones.<\/p>\n\n\n\n<p>El documento se puede consultar y descargar <a href=\"https:\/\/consejoescolar.educacion.navarra.es\/web1\/wp-content\/uploads\/2023\/01\/Memoria-2021-2022-cas-eus-navegable-definitivo.pdf\" target=\"_blank\" rel=\"noreferrer noopener\">aqu\u00ed<\/a>.<\/p>\n","protected":false},"excerpt":{"rendered":"<p>Ya est\u00e1 disponible para su consulta la Memoria del Consejo Escolar de Navarra del curso 2021-2022, aprobada por unanimidad en la sesi\u00f3n plenaria celebrada el d\u00eda 21 de diciembre.<\/p>\n","protected":false},"author":1,"featured_media":27927,"comment_status":"closed","ping_status":"closed","sticky":false,"template":"","format":"standard","meta":{"_genesis_hide_title":false,"_genesis_hide_breadcrumbs":false,"_genesis_hide_singular_image":false,"_genesis_hide_footer_widgets":false,"_genesis_custom_body_class":"","_genesis_custom_post_class":"","_genesis_layout":"","jetpack_post_was_ever_published":false},"categories":[1],"tags":[],"jetpack_featured_media_url":"https:\/\/consejoescolar.educacion.navarra.es\/web1\/wp-content\/uploads\/2023\/01\/portada.png","_links":{"self":[{"href":"https:\/\/consejoescolar.educacion.navarra.es\/web1\/wp-json\/wp\/v2\/posts\/27925"}],"collection":[{"href":"https:\/\/consejoescolar.educacion.navarra.es\/web1\/wp-json\/wp\/v2\/posts"}],"about":[{"href":"https:\/\/consejoescolar.educacion.navarra.es\/web1\/wp-json\/wp\/v2\/types\/post"}],"author":[{"embeddable":true,"href":"https:\/\/consejoescolar.educacion.navarra.es\/web1\/wp-json\/wp\/v2\/users\/1"}],"replies":[{"embeddable":true,"href":"https:\/\/consejoescolar.educacion.navarra.es\/web1\/wp-json\/wp\/v2\/comments?post=27925"}],"version-history":[{"count":3,"href":"https:\/\/consejoescolar.educacion.navarra.es\/web1\/wp-json\/wp\/v2\/posts\/27925\/revisions"}],"predecessor-version":[{"id":28215,"href":"https:\/\/consejoescolar.educacion.navarra.es\/web1\/wp-json\/wp\/v2\/posts\/27925\/revisions\/28215"}],"wp:featuredmedia":[{"embeddable":true,"href":"https:\/\/consejoescolar.educacion.navarra.es\/web1\/wp-json\/wp\/v2\/media\/27927"}],"wp:attachment":[{"href":"https:\/\/consejoescolar.educacion.navarra.es\/web1\/wp-json\/wp\/v2\/media?parent=27925"}],"wp:term":[{"taxonomy":"category","embeddable":true,"href":"https:\/\/consejoescolar.educacion.navarra.es\/web1\/wp-json\/wp\/v2\/categories?post=27925"},{"taxonomy":"post_tag","embeddable":true,"href":"https:\/\/consejoescolar.educacion.navarra.es\/web1\/wp-json\/wp\/v2\/tags?post=27925"}],"curies":[{"name":"wp","href":"https:\/\/api.w.org\/{rel}","templated":true}]}}