{"id":26967,"date":"2023-01-31T09:38:24","date_gmt":"2023-01-31T08:38:24","guid":{"rendered":"https:\/\/consejoescolar.educacion.navarra.es\/web1\/?p=26967"},"modified":"2023-01-31T09:38:26","modified_gmt":"2023-01-31T08:38:26","slug":"meninas-en-azagra","status":"publish","type":"post","link":"https:\/\/consejoescolar.educacion.navarra.es\/web1\/2023\/01\/31\/meninas-en-azagra\/","title":{"rendered":"Meninas en Azagra"},"content":{"rendered":"\n<p>El <a href=\"https:\/\/iesoreynodenavarra.educacion.navarra.es\/web1\/\">IESO Reyno de Navarra<\/a> de Azagra recoge el premio Meninas 2022 en el D\u00eda Internacional de la Eliminaci\u00f3n de la Violencia contra la Mujer. Su compromiso con la educaci\u00f3n en igualdad y en la<br>no violencia le han hecho merecedor del galard\u00f3n.<\/p>\n\n\n\n<!--more-->\n\n\n\n<div class=\"wp-block-image\"><figure class=\"aligncenter size-full is-resized\"><a href=\"https:\/\/consejoescolar.educacion.navarra.es\/web1\/wp-content\/uploads\/2022\/11\/meninas-2.jpg\"><img loading=\"lazy\" src=\"https:\/\/consejoescolar.educacion.navarra.es\/web1\/wp-content\/uploads\/2022\/11\/meninas-2.jpg\" alt=\"\" class=\"wp-image-26969\" width=\"-308\" height=\"-172\" srcset=\"https:\/\/consejoescolar.educacion.navarra.es\/web1\/wp-content\/uploads\/2022\/11\/meninas-2.jpg 900w, https:\/\/consejoescolar.educacion.navarra.es\/web1\/wp-content\/uploads\/2022\/11\/meninas-2-300x169.jpg 300w, https:\/\/consejoescolar.educacion.navarra.es\/web1\/wp-content\/uploads\/2022\/11\/meninas-2-768x432.jpg 768w\" sizes=\"(max-width: 900px) 100vw, 900px\" \/><\/a><\/figure><\/div>\n\n\n\n<p> <em>Puedes consultar la noticia publicada por Diario de Navara el 16\/11\/2022 <a href=\"https:\/\/consejoescolar.educacion.navarra.es\/web1\/wp-content\/uploads\/2022\/11\/2965.pdf\">aqu\u00ed<\/a> y <a href=\"https:\/\/consejoescolar.educacion.navarra.es\/web1\/wp-content\/uploads\/2022\/11\/2969.pdf\">aqu\u00ed<\/a> la nota de prensa que ha publicado el centro.<\/em> <\/p>\n","protected":false},"excerpt":{"rendered":"<p>El IESO Reyno de Navarra de Azagra recoge el premio Meninas 2022 en el D\u00eda Internacional de la Eliminaci\u00f3n de la Violencia contra la Mujer. Su compromiso con la educaci\u00f3n en igualdad y en lano violencia le han hecho merecedor del galard\u00f3n.<\/p>\n","protected":false},"author":1,"featured_media":26969,"comment_status":"closed","ping_status":"closed","sticky":false,"template":"","format":"standard","meta":{"_genesis_hide_title":false,"_genesis_hide_breadcrumbs":false,"_genesis_hide_singular_image":false,"_genesis_hide_footer_widgets":false,"_genesis_custom_body_class":"","_genesis_custom_post_class":"","_genesis_layout":"","jetpack_post_was_ever_published":false},"categories":[1],"tags":[],"jetpack_featured_media_url":"https:\/\/consejoescolar.educacion.navarra.es\/web1\/wp-content\/uploads\/2022\/11\/meninas-2.jpg","_links":{"self":[{"href":"https:\/\/consejoescolar.educacion.navarra.es\/web1\/wp-json\/wp\/v2\/posts\/26967"}],"collection":[{"href":"https:\/\/consejoescolar.educacion.navarra.es\/web1\/wp-json\/wp\/v2\/posts"}],"about":[{"href":"https:\/\/consejoescolar.educacion.navarra.es\/web1\/wp-json\/wp\/v2\/types\/post"}],"author":[{"embeddable":true,"href":"https:\/\/consejoescolar.educacion.navarra.es\/web1\/wp-json\/wp\/v2\/users\/1"}],"replies":[{"embeddable":true,"href":"https:\/\/consejoescolar.educacion.navarra.es\/web1\/wp-json\/wp\/v2\/comments?post=26967"}],"version-history":[{"count":7,"href":"https:\/\/consejoescolar.educacion.navarra.es\/web1\/wp-json\/wp\/v2\/posts\/26967\/revisions"}],"predecessor-version":[{"id":28366,"href":"https:\/\/consejoescolar.educacion.navarra.es\/web1\/wp-json\/wp\/v2\/posts\/26967\/revisions\/28366"}],"wp:featuredmedia":[{"embeddable":true,"href":"https:\/\/consejoescolar.educacion.navarra.es\/web1\/wp-json\/wp\/v2\/media\/26969"}],"wp:attachment":[{"href":"https:\/\/consejoescolar.educacion.navarra.es\/web1\/wp-json\/wp\/v2\/media?parent=26967"}],"wp:term":[{"taxonomy":"category","embeddable":true,"href":"https:\/\/consejoescolar.educacion.navarra.es\/web1\/wp-json\/wp\/v2\/categories?post=26967"},{"taxonomy":"post_tag","embeddable":true,"href":"https:\/\/consejoescolar.educacion.navarra.es\/web1\/wp-json\/wp\/v2\/tags?post=26967"}],"curies":[{"name":"wp","href":"https:\/\/api.w.org\/{rel}","templated":true}]}}