{"id":26876,"date":"2022-11-25T08:45:04","date_gmt":"2022-11-25T07:45:04","guid":{"rendered":"https:\/\/consejoescolar.educacion.navarra.es\/web1\/?p=26876"},"modified":"2022-11-25T08:45:07","modified_gmt":"2022-11-25T07:45:07","slug":"mapping","status":"publish","type":"post","link":"https:\/\/consejoescolar.educacion.navarra.es\/web1\/2022\/11\/25\/mapping\/","title":{"rendered":"Mapping"},"content":{"rendered":"\n<p>Este mes, el <a href=\"https:\/\/www.pamplona.es\/actualidad\/noticias\/vuelve-el-festival-mapping-con-el-que-pamplona-quiere-acercar-las-artes-la\">Ayuntamiento de Pamplona<\/a> organiza la segunda edici\u00f3n del festival Mapping que tendr\u00e1 lugar en Civivox Mendillorri y Civivox Iturrama.  Se trata de fomentar la creatividad de los ni\u00f1os y ni\u00f1as de 0 a 6 a\u00f1os a trav\u00e9s de espect\u00e1culos, instalaciones y talleres.<\/p>\n\n\n\n<!--more-->\n\n\n\n<div class=\"wp-block-image\"><figure class=\"aligncenter size-large is-resized\"><a href=\"https:\/\/consejoescolar.educacion.navarra.es\/web1\/wp-content\/uploads\/2022\/11\/pablo-heimplatz-ZODcBkEohk8-unsplash-scaled-e1667894446880.jpg\"><img loading=\"lazy\" src=\"https:\/\/consejoescolar.educacion.navarra.es\/web1\/wp-content\/uploads\/2022\/11\/pablo-heimplatz-ZODcBkEohk8-unsplash-1024x683.jpg\" alt=\"\" class=\"wp-image-26877\" width=\"567\" height=\"378\"\/><\/a><\/figure><\/div>\n\n\n\n<p>El festival surge de la mano de un proyecto europeo del mismo nombre y propone abordar, desde el Consistorio, un servicio de alfabetizaci\u00f3n cultural para la peque\u00f1a infancia, un acercamiento a las artes desde la experimentaci\u00f3n y la contemplaci\u00f3n, para promover la curiosidad y el inter\u00e9s desde edades tempranas. Adem\u00e1s, permite impulsar la cultura contempor\u00e1nea entre la poblaci\u00f3n y afianzar un modelo colaborativo en el mundo de las artes.&nbsp;<\/p>\n\n\n\n<p><em>Si te interesa puedes consultar<a href=\"https:\/\/consejoescolar.educacion.navarra.es\/web1\/wp-content\/uploads\/2022\/11\/2961-1.pdf\"> <\/a><a href=\"https:\/\/consejoescolar.educacion.navarra.es\/web1\/wp-content\/uploads\/2022\/11\/2961-3.pdff\">aqu\u00ed<\/a> la noticia publicada por Diario de Navarra el 8\/11\/2022<\/em>.<\/p>\n","protected":false},"excerpt":{"rendered":"<p>Este mes, el Ayuntamiento de Pamplona organiza la segunda edici\u00f3n del festival Mapping que tendr\u00e1 lugar en Civivox Mendillorri y Civivox Iturrama. Se trata de fomentar la creatividad de los ni\u00f1os y ni\u00f1as de 0 a 6 a\u00f1os a trav\u00e9s de espect\u00e1culos, instalaciones y talleres.<\/p>\n","protected":false},"author":1,"featured_media":26877,"comment_status":"closed","ping_status":"closed","sticky":false,"template":"","format":"standard","meta":{"_genesis_hide_title":false,"_genesis_hide_breadcrumbs":false,"_genesis_hide_singular_image":false,"_genesis_hide_footer_widgets":false,"_genesis_custom_body_class":"","_genesis_custom_post_class":"","_genesis_layout":"","jetpack_post_was_ever_published":false},"categories":[1],"tags":[],"jetpack_featured_media_url":"https:\/\/consejoescolar.educacion.navarra.es\/web1\/wp-content\/uploads\/2022\/11\/pablo-heimplatz-ZODcBkEohk8-unsplash-scaled-e1667894446880.jpg","_links":{"self":[{"href":"https:\/\/consejoescolar.educacion.navarra.es\/web1\/wp-json\/wp\/v2\/posts\/26876"}],"collection":[{"href":"https:\/\/consejoescolar.educacion.navarra.es\/web1\/wp-json\/wp\/v2\/posts"}],"about":[{"href":"https:\/\/consejoescolar.educacion.navarra.es\/web1\/wp-json\/wp\/v2\/types\/post"}],"author":[{"embeddable":true,"href":"https:\/\/consejoescolar.educacion.navarra.es\/web1\/wp-json\/wp\/v2\/users\/1"}],"replies":[{"embeddable":true,"href":"https:\/\/consejoescolar.educacion.navarra.es\/web1\/wp-json\/wp\/v2\/comments?post=26876"}],"version-history":[{"count":4,"href":"https:\/\/consejoescolar.educacion.navarra.es\/web1\/wp-json\/wp\/v2\/posts\/26876\/revisions"}],"predecessor-version":[{"id":26979,"href":"https:\/\/consejoescolar.educacion.navarra.es\/web1\/wp-json\/wp\/v2\/posts\/26876\/revisions\/26979"}],"wp:featuredmedia":[{"embeddable":true,"href":"https:\/\/consejoescolar.educacion.navarra.es\/web1\/wp-json\/wp\/v2\/media\/26877"}],"wp:attachment":[{"href":"https:\/\/consejoescolar.educacion.navarra.es\/web1\/wp-json\/wp\/v2\/media?parent=26876"}],"wp:term":[{"taxonomy":"category","embeddable":true,"href":"https:\/\/consejoescolar.educacion.navarra.es\/web1\/wp-json\/wp\/v2\/categories?post=26876"},{"taxonomy":"post_tag","embeddable":true,"href":"https:\/\/consejoescolar.educacion.navarra.es\/web1\/wp-json\/wp\/v2\/tags?post=26876"}],"curies":[{"name":"wp","href":"https:\/\/api.w.org\/{rel}","templated":true}]}}