{"id":26710,"date":"2022-11-18T10:24:05","date_gmt":"2022-11-18T09:24:05","guid":{"rendered":"https:\/\/consejoescolar.educacion.navarra.es\/web1\/?p=26710"},"modified":"2022-11-18T10:24:07","modified_gmt":"2022-11-18T09:24:07","slug":"en-lo-que-dura-un-parpadeo","status":"publish","type":"post","link":"https:\/\/consejoescolar.educacion.navarra.es\/web1\/2022\/11\/18\/en-lo-que-dura-un-parpadeo\/","title":{"rendered":"En lo que dura un parpadeo"},"content":{"rendered":"\n<p>Es un programa de seguridad vial con testimonios de v\u00edctimas dirigido al alumnado de Secundaria con el fin de concienciarle en el cumplimiento de las normas y extremar la prudencia para evitar accidentes de tr\u00e1fico. Lo promueve el Gobierno de Navarra desde hace una d\u00e9cada. <\/p>\n\n\n\n<!--more-->\n\n\n\n<div class=\"wp-block-image\"><figure class=\"aligncenter size-large is-resized\"><a href=\"https:\/\/consejoescolar.educacion.navarra.es\/web1\/wp-content\/uploads\/2022\/10\/amanda-dalbjorn-UbJMy92p8wk-unsplash-scaled-e1666862584472.jpg\"><img loading=\"lazy\" src=\"https:\/\/consejoescolar.educacion.navarra.es\/web1\/wp-content\/uploads\/2022\/10\/amanda-dalbjorn-UbJMy92p8wk-unsplash-1024x625.jpg\" alt=\"\" class=\"wp-image-26712\" width=\"890\" height=\"542\"\/><\/a><\/figure><\/div>\n\n\n\n<p>Se oferta tanto en euskera como en castellano, y por primera vez, con la renovaci\u00f3n de los materiales se ha adaptado una versi\u00f3n con subt\u00edtulos en \u00e1rabe para llegar a los colectivos magreb\u00edes asentados en Navarra.<\/p>\n\n\n\n<p><em><a href=\"https:\/\/consejoescolar.educacion.navarra.es\/web1\/wp-content\/uploads\/2022\/10\/2956.pdf\">Aqu\u00ed<\/a> la nota de prensa de Gobierno de Navarra y <a href=\"https:\/\/consejoescolar.educacion.navarra.es\/web1\/wp-content\/uploads\/2022\/10\/2954.pdf\">aqu\u00ed<\/a> la noticia publicada el 25\/10\/2022 en Diario de Navarra. <\/em><\/p>\n","protected":false},"excerpt":{"rendered":"<p>Es un programa de seguridad vial con testimonios de v\u00edctimas dirigido al alumnado de Secundaria con el fin de concienciarle en el cumplimiento de las normas y extremar la prudencia para evitar accidentes de tr\u00e1fico. Lo promueve el Gobierno de Navarra desde hace una d\u00e9cada.<\/p>\n","protected":false},"author":1,"featured_media":26712,"comment_status":"closed","ping_status":"closed","sticky":false,"template":"","format":"standard","meta":{"_genesis_hide_title":false,"_genesis_hide_breadcrumbs":false,"_genesis_hide_singular_image":false,"_genesis_hide_footer_widgets":false,"_genesis_custom_body_class":"","_genesis_custom_post_class":"","_genesis_layout":"","jetpack_post_was_ever_published":false},"categories":[1],"tags":[],"jetpack_featured_media_url":"https:\/\/consejoescolar.educacion.navarra.es\/web1\/wp-content\/uploads\/2022\/10\/amanda-dalbjorn-UbJMy92p8wk-unsplash-scaled-e1666862584472.jpg","_links":{"self":[{"href":"https:\/\/consejoescolar.educacion.navarra.es\/web1\/wp-json\/wp\/v2\/posts\/26710"}],"collection":[{"href":"https:\/\/consejoescolar.educacion.navarra.es\/web1\/wp-json\/wp\/v2\/posts"}],"about":[{"href":"https:\/\/consejoescolar.educacion.navarra.es\/web1\/wp-json\/wp\/v2\/types\/post"}],"author":[{"embeddable":true,"href":"https:\/\/consejoescolar.educacion.navarra.es\/web1\/wp-json\/wp\/v2\/users\/1"}],"replies":[{"embeddable":true,"href":"https:\/\/consejoescolar.educacion.navarra.es\/web1\/wp-json\/wp\/v2\/comments?post=26710"}],"version-history":[{"count":5,"href":"https:\/\/consejoescolar.educacion.navarra.es\/web1\/wp-json\/wp\/v2\/posts\/26710\/revisions"}],"predecessor-version":[{"id":26945,"href":"https:\/\/consejoescolar.educacion.navarra.es\/web1\/wp-json\/wp\/v2\/posts\/26710\/revisions\/26945"}],"wp:featuredmedia":[{"embeddable":true,"href":"https:\/\/consejoescolar.educacion.navarra.es\/web1\/wp-json\/wp\/v2\/media\/26712"}],"wp:attachment":[{"href":"https:\/\/consejoescolar.educacion.navarra.es\/web1\/wp-json\/wp\/v2\/media?parent=26710"}],"wp:term":[{"taxonomy":"category","embeddable":true,"href":"https:\/\/consejoescolar.educacion.navarra.es\/web1\/wp-json\/wp\/v2\/categories?post=26710"},{"taxonomy":"post_tag","embeddable":true,"href":"https:\/\/consejoescolar.educacion.navarra.es\/web1\/wp-json\/wp\/v2\/tags?post=26710"}],"curies":[{"name":"wp","href":"https:\/\/api.w.org\/{rel}","templated":true}]}}