{"id":26383,"date":"2022-10-24T11:18:23","date_gmt":"2022-10-24T09:18:23","guid":{"rendered":"https:\/\/consejoescolar.educacion.navarra.es\/web1\/?p=26383"},"modified":"2022-10-24T11:18:24","modified_gmt":"2022-10-24T09:18:24","slug":"sarean-euskaraz","status":"publish","type":"post","link":"https:\/\/consejoescolar.educacion.navarra.es\/web1\/2022\/10\/24\/sarean-euskaraz\/","title":{"rendered":"Sarean Euskaraz"},"content":{"rendered":"\n<p>El Departamento de Relaciones Ciudadanas, a trav\u00e9s de Euskarabidea, lanza la Vl edici\u00f3n del programa <a href=\"http:\/\/sareaneuskaraz.eus\/\">Sarean Euskaraz<\/a>, dirigido al alumnado de 4\u00ba ESO y 1\u00ba Bachillerato.  El objetivo es dar a conocer y promover el uso del euskera en el \u00e1mbito de las tecnolog\u00edas de la informaci\u00f3n y la comunicaci\u00f3n, y promocionar la cultura digital en esta lengua, especialmente entre la poblaci\u00f3n juvenil.&nbsp;<\/p>\n\n\n\n<!--more-->\n\n\n\n<figure class=\"wp-block-image\"><img src=\"http:\/\/sareaneuskaraz.eus\/wp-content\/uploads\/2022\/09\/Sarean_Header_VI-1024x373.jpg\" alt=\"\"\/><\/figure>\n\n\n\n<p>Los d\u00edas 13 y 14 de octubre, en unas jornadas en Baluarte, se habilitaron tres espacios diferentes donde hubo charlas breves y din\u00e1micas sobre los usos seguros de la red y la importancia de la privacidad en las relaciones 3.0.&nbsp; Tambi\u00e9n se impartieron 8 talleres experimentales, de creaci\u00f3n musical; video-mapping; creaci\u00f3n para aplicaciones para m\u00f3viles Android; realidad virtual, Arduino; impresoras 3D; fotograf\u00eda con el Smartphone o un taller de juegos. Todo ello para los centros de Pamplona y comarca.<\/p>\n\n\n\n<p>Estos talleres tambi\u00e9n se ofertar\u00e1n para el resto de centros en Alsasua, Bera, Santesteban, Leitza y Tafalla. Tambi\u00e9n como complemento al programa acad\u00e9mico, del 30 de septiembre al 9 de noviembre se organizan 19 cursos gratuitos abiertos para todo el p\u00fablico, con especial inter\u00e9s en el juvenil, en las siguientes localidades:  Alsasua, Anso\u00e1in, Arbizu, Artica, Bara\u00f1\u00e1in, Bidaurreta, Burlada, Etxalar, Estella-Lizarra, Tafalla, Goizueta, Huarte, Ochagav\u00eda, Pamplona, Puente la reina, Sang\u00fcesa, Tudela, Urroz-Villa &nbsp;y &nbsp;Villava.<\/p>\n\n\n\n<p><em>Puedes consultar <a href=\"https:\/\/www.navarra.es\/es\/-\/nota-prensa\/mas-de-1-300-jovenes-de-4-de-la-eso-y-1-de-bachillerato-participaran-en-sarean-euskaraz\">aqu\u00ed<\/a> la noticia publicada en la web de Gobierno de Navarra.<\/em><\/p>\n\n\n\n<p><\/p>\n\n\n\n<p><\/p>\n\n\n\n<p><\/p>\n\n\n\n<p><\/p>\n","protected":false},"excerpt":{"rendered":"<p>El Departamento de Relaciones Ciudadanas, a trav\u00e9s de Euskarabidea, lanza la Vl edici\u00f3n del programa Sarean Euskaraz, dirigido al alumnado de 4\u00ba ESO y 1\u00ba Bachillerato. El objetivo es dar a conocer y promover el uso del euskera en el \u00e1mbito de las tecnolog\u00edas de la informaci\u00f3n y la comunicaci\u00f3n, y promocionar la cultura digital [&hellip;]<\/p>\n","protected":false},"author":1,"featured_media":26681,"comment_status":"closed","ping_status":"closed","sticky":false,"template":"","format":"standard","meta":{"_genesis_hide_title":false,"_genesis_hide_breadcrumbs":false,"_genesis_hide_singular_image":false,"_genesis_hide_footer_widgets":false,"_genesis_custom_body_class":"","_genesis_custom_post_class":"","_genesis_layout":"","jetpack_post_was_ever_published":false},"categories":[1],"tags":[],"jetpack_featured_media_url":"https:\/\/consejoescolar.educacion.navarra.es\/web1\/wp-content\/uploads\/2022\/10\/Sarean_Header_VI-1024x373-1.jpg","_links":{"self":[{"href":"https:\/\/consejoescolar.educacion.navarra.es\/web1\/wp-json\/wp\/v2\/posts\/26383"}],"collection":[{"href":"https:\/\/consejoescolar.educacion.navarra.es\/web1\/wp-json\/wp\/v2\/posts"}],"about":[{"href":"https:\/\/consejoescolar.educacion.navarra.es\/web1\/wp-json\/wp\/v2\/types\/post"}],"author":[{"embeddable":true,"href":"https:\/\/consejoescolar.educacion.navarra.es\/web1\/wp-json\/wp\/v2\/users\/1"}],"replies":[{"embeddable":true,"href":"https:\/\/consejoescolar.educacion.navarra.es\/web1\/wp-json\/wp\/v2\/comments?post=26383"}],"version-history":[{"count":4,"href":"https:\/\/consejoescolar.educacion.navarra.es\/web1\/wp-json\/wp\/v2\/posts\/26383\/revisions"}],"predecessor-version":[{"id":26686,"href":"https:\/\/consejoescolar.educacion.navarra.es\/web1\/wp-json\/wp\/v2\/posts\/26383\/revisions\/26686"}],"wp:featuredmedia":[{"embeddable":true,"href":"https:\/\/consejoescolar.educacion.navarra.es\/web1\/wp-json\/wp\/v2\/media\/26681"}],"wp:attachment":[{"href":"https:\/\/consejoescolar.educacion.navarra.es\/web1\/wp-json\/wp\/v2\/media?parent=26383"}],"wp:term":[{"taxonomy":"category","embeddable":true,"href":"https:\/\/consejoescolar.educacion.navarra.es\/web1\/wp-json\/wp\/v2\/categories?post=26383"},{"taxonomy":"post_tag","embeddable":true,"href":"https:\/\/consejoescolar.educacion.navarra.es\/web1\/wp-json\/wp\/v2\/tags?post=26383"}],"curies":[{"name":"wp","href":"https:\/\/api.w.org\/{rel}","templated":true}]}}