{"id":26240,"date":"2022-09-16T09:20:29","date_gmt":"2022-09-16T07:20:29","guid":{"rendered":"https:\/\/consejoescolar.educacion.navarra.es\/web1\/?p=26240"},"modified":"2022-09-16T09:29:07","modified_gmt":"2022-09-16T07:29:07","slug":"zuhaitz-baten-itzaleko-ipuinak","status":"publish","type":"post","link":"https:\/\/consejoescolar.educacion.navarra.es\/web1\/2022\/09\/16\/zuhaitz-baten-itzaleko-ipuinak\/","title":{"rendered":"Cuentos a la sombra de un \u00e1rbol"},"content":{"rendered":"\n<p><br>La Taconera acoge este fin de semana el \u00abI Festival de Narraci\u00f3n Oral de Navarra\u00bb con el fin de reivindicar la importancia del relato.<\/p>\n\n\n\n<!--more-->\n\n\n\n<figure class=\"wp-block-image size-full\"><a href=\"https:\/\/consejoescolar.educacion.navarra.es\/web1\/wp-content\/uploads\/2022\/09\/FESTIVAL-BEHIN-BATEAN-870x480-1.jpg\"><img loading=\"lazy\" width=\"920\" height=\"508\" src=\"https:\/\/consejoescolar.educacion.navarra.es\/web1\/wp-content\/uploads\/2022\/09\/FESTIVAL-BEHIN-BATEAN-870x480-1.jpg\" alt=\"\" class=\"wp-image-26238\" srcset=\"https:\/\/consejoescolar.educacion.navarra.es\/web1\/wp-content\/uploads\/2022\/09\/FESTIVAL-BEHIN-BATEAN-870x480-1.jpg 920w, https:\/\/consejoescolar.educacion.navarra.es\/web1\/wp-content\/uploads\/2022\/09\/FESTIVAL-BEHIN-BATEAN-870x480-1-300x166.jpg 300w, https:\/\/consejoescolar.educacion.navarra.es\/web1\/wp-content\/uploads\/2022\/09\/FESTIVAL-BEHIN-BATEAN-870x480-1-768x424.jpg 768w\" sizes=\"(max-width: 920px) 100vw, 920px\" \/><\/a><\/figure>\n\n\n\n<p><br>El parque de la Taconera y El Bosquecillo habilitar\u00e1 cuatro espacios en los que narradores de toda Espa\u00f1a contar\u00e1n sus historias a beb\u00e9s, ni\u00f1os y ni\u00f1as, familias y personas adultas.<br>La misma iniciativa se replicar\u00e1 en otras localidades como Lesaka, Artajona, Erro, Tafalla, Estella, Valtierra y Peralta.<br><a href=\"https:\/\/www.pamplonaescultura.es\/programas\/festival-behin-batean\/?utm_source=mailpoet&amp;utm_medium=email&amp;utm_campaign=agenda-pamplona-es-cultura-2022-14-21-de-enero_54\">Aqu\u00ed <\/a>puedes consultar el programa.<br><a href=\"https:\/\/consejoescolar.educacion.navarra.es\/web1\/wp-content\/uploads\/2022\/09\/2929.pdf\">Aqu\u00ed <\/a>puedes consultar la noticia publicada en el Diario de Navarra y <a href=\"https:\/\/consejoescolar.educacion.navarra.es\/web1\/wp-content\/uploads\/2022\/09\/2930.pdf\">aqu\u00ed <\/a>en el Diario de Noticias.<\/p>\n","protected":false},"excerpt":{"rendered":"<p>La Taconera acoge este fin de semana el \u00abI Festival de Narraci\u00f3n Oral de Navarra\u00bb con el fin de reivindicar la importancia del relato.<\/p>\n","protected":false},"author":1,"featured_media":26238,"comment_status":"closed","ping_status":"closed","sticky":false,"template":"","format":"standard","meta":{"_genesis_hide_title":false,"_genesis_hide_breadcrumbs":false,"_genesis_hide_singular_image":false,"_genesis_hide_footer_widgets":false,"_genesis_custom_body_class":"","_genesis_custom_post_class":"","_genesis_layout":"","jetpack_post_was_ever_published":false},"categories":[1],"tags":[],"jetpack_featured_media_url":"https:\/\/consejoescolar.educacion.navarra.es\/web1\/wp-content\/uploads\/2022\/09\/FESTIVAL-BEHIN-BATEAN-870x480-1.jpg","_links":{"self":[{"href":"https:\/\/consejoescolar.educacion.navarra.es\/web1\/wp-json\/wp\/v2\/posts\/26240"}],"collection":[{"href":"https:\/\/consejoescolar.educacion.navarra.es\/web1\/wp-json\/wp\/v2\/posts"}],"about":[{"href":"https:\/\/consejoescolar.educacion.navarra.es\/web1\/wp-json\/wp\/v2\/types\/post"}],"author":[{"embeddable":true,"href":"https:\/\/consejoescolar.educacion.navarra.es\/web1\/wp-json\/wp\/v2\/users\/1"}],"replies":[{"embeddable":true,"href":"https:\/\/consejoescolar.educacion.navarra.es\/web1\/wp-json\/wp\/v2\/comments?post=26240"}],"version-history":[{"count":2,"href":"https:\/\/consejoescolar.educacion.navarra.es\/web1\/wp-json\/wp\/v2\/posts\/26240\/revisions"}],"predecessor-version":[{"id":26242,"href":"https:\/\/consejoescolar.educacion.navarra.es\/web1\/wp-json\/wp\/v2\/posts\/26240\/revisions\/26242"}],"wp:featuredmedia":[{"embeddable":true,"href":"https:\/\/consejoescolar.educacion.navarra.es\/web1\/wp-json\/wp\/v2\/media\/26238"}],"wp:attachment":[{"href":"https:\/\/consejoescolar.educacion.navarra.es\/web1\/wp-json\/wp\/v2\/media?parent=26240"}],"wp:term":[{"taxonomy":"category","embeddable":true,"href":"https:\/\/consejoescolar.educacion.navarra.es\/web1\/wp-json\/wp\/v2\/categories?post=26240"},{"taxonomy":"post_tag","embeddable":true,"href":"https:\/\/consejoescolar.educacion.navarra.es\/web1\/wp-json\/wp\/v2\/tags?post=26240"}],"curies":[{"name":"wp","href":"https:\/\/api.w.org\/{rel}","templated":true}]}}