{"id":26089,"date":"2022-09-12T09:29:06","date_gmt":"2022-09-12T07:29:06","guid":{"rendered":"https:\/\/consejoescolar.educacion.navarra.es\/web1\/?p=26089"},"modified":"2022-09-12T09:29:09","modified_gmt":"2022-09-12T07:29:09","slug":"vacaciones-cientificas","status":"publish","type":"post","link":"https:\/\/consejoescolar.educacion.navarra.es\/web1\/2022\/09\/12\/vacaciones-cientificas\/","title":{"rendered":"Vacaciones cient\u00edficas"},"content":{"rendered":"\n<p>M\u00e1s de 260 ni\u00f1os y ni\u00f1as de toda Navarra, de edad comprendida entre 3 y 12 a\u00f1os, han participado en la cuarta edici\u00f3n de los campamentos del Museo de Ciencias Universidad de Navarra.<\/p>\n\n\n\n<!--more-->\n\n\n\n<figure class=\"wp-block-image size-full\"><a href=\"https:\/\/consejoescolar.educacion.navarra.es\/web1\/wp-content\/uploads\/2022\/09\/ciencia.png\"><img loading=\"lazy\" width=\"950\" height=\"634\" src=\"https:\/\/consejoescolar.educacion.navarra.es\/web1\/wp-content\/uploads\/2022\/09\/ciencia.png\" alt=\"\" class=\"wp-image-26091\" srcset=\"https:\/\/consejoescolar.educacion.navarra.es\/web1\/wp-content\/uploads\/2022\/09\/ciencia.png 950w, https:\/\/consejoescolar.educacion.navarra.es\/web1\/wp-content\/uploads\/2022\/09\/ciencia-300x200.png 300w, https:\/\/consejoescolar.educacion.navarra.es\/web1\/wp-content\/uploads\/2022\/09\/ciencia-768x513.png 768w\" sizes=\"(max-width: 950px) 100vw, 950px\" \/><\/a><\/figure>\n\n\n\n<p>Los campamentos de qu\u00edmica comenzaron las dos \u00faltimas semanas de junio y los participantes realizaron actividades inspiradas en pel\u00edculas.<\/p>\n\n\n\n<p>Los campamentos sobre naturaleza se desarrollaron al aire libre durante el mes de agosto con actividades variadas como analizar la calidad del agua del r\u00edo Sadar, visionado con lupa de las especies encontradas en el r\u00edo, observaciones de aves, realizaci\u00f3n de cristales con sal, land art&#8230;<\/p>\n\n\n\n<p><a href=\"https:\/\/consejoescolar.educacion.navarra.es\/web1\/wp-content\/uploads\/2022\/09\/2927.pdf\">Aqu\u00ed <\/a>puedes consultar la noticia publicada en el Diario de Navarra.<\/p>\n","protected":false},"excerpt":{"rendered":"<p>M\u00e1s de 260 ni\u00f1os y ni\u00f1as de toda Navarra, de edad comprendida entre 3 y 12 a\u00f1os, han participado en la cuarta edici\u00f3n de los campamentos del Museo de Ciencias Universidad de Navarra.<\/p>\n","protected":false},"author":1,"featured_media":26091,"comment_status":"closed","ping_status":"closed","sticky":false,"template":"","format":"standard","meta":{"_genesis_hide_title":false,"_genesis_hide_breadcrumbs":false,"_genesis_hide_singular_image":false,"_genesis_hide_footer_widgets":false,"_genesis_custom_body_class":"","_genesis_custom_post_class":"","_genesis_layout":"","jetpack_post_was_ever_published":false},"categories":[1],"tags":[],"jetpack_featured_media_url":"https:\/\/consejoescolar.educacion.navarra.es\/web1\/wp-content\/uploads\/2022\/09\/ciencia.png","_links":{"self":[{"href":"https:\/\/consejoescolar.educacion.navarra.es\/web1\/wp-json\/wp\/v2\/posts\/26089"}],"collection":[{"href":"https:\/\/consejoescolar.educacion.navarra.es\/web1\/wp-json\/wp\/v2\/posts"}],"about":[{"href":"https:\/\/consejoescolar.educacion.navarra.es\/web1\/wp-json\/wp\/v2\/types\/post"}],"author":[{"embeddable":true,"href":"https:\/\/consejoescolar.educacion.navarra.es\/web1\/wp-json\/wp\/v2\/users\/1"}],"replies":[{"embeddable":true,"href":"https:\/\/consejoescolar.educacion.navarra.es\/web1\/wp-json\/wp\/v2\/comments?post=26089"}],"version-history":[{"count":2,"href":"https:\/\/consejoescolar.educacion.navarra.es\/web1\/wp-json\/wp\/v2\/posts\/26089\/revisions"}],"predecessor-version":[{"id":26191,"href":"https:\/\/consejoescolar.educacion.navarra.es\/web1\/wp-json\/wp\/v2\/posts\/26089\/revisions\/26191"}],"wp:featuredmedia":[{"embeddable":true,"href":"https:\/\/consejoescolar.educacion.navarra.es\/web1\/wp-json\/wp\/v2\/media\/26091"}],"wp:attachment":[{"href":"https:\/\/consejoescolar.educacion.navarra.es\/web1\/wp-json\/wp\/v2\/media?parent=26089"}],"wp:term":[{"taxonomy":"category","embeddable":true,"href":"https:\/\/consejoescolar.educacion.navarra.es\/web1\/wp-json\/wp\/v2\/categories?post=26089"},{"taxonomy":"post_tag","embeddable":true,"href":"https:\/\/consejoescolar.educacion.navarra.es\/web1\/wp-json\/wp\/v2\/tags?post=26089"}],"curies":[{"name":"wp","href":"https:\/\/api.w.org\/{rel}","templated":true}]}}