{"id":24266,"date":"2022-04-25T09:58:52","date_gmt":"2022-04-25T07:58:52","guid":{"rendered":"https:\/\/consejoescolar.educacion.navarra.es\/web1\/?p=24266"},"modified":"2022-04-25T10:07:51","modified_gmt":"2022-04-25T08:07:51","slug":"revista-on-line","status":"publish","type":"post","link":"https:\/\/consejoescolar.educacion.navarra.es\/web1\/2022\/04\/25\/revista-on-line\/","title":{"rendered":"Revista on line"},"content":{"rendered":"\n<p>El alumnado de 5\u00ba de Educaci\u00f3n Primaria del <a href=\"https:\/\/cpmarcilla.educacion.navarra.es\/web\/blog\/2022\/03\/17\/el-alumnado-de-5o-realiza-una-revista-escolar\/\">Colegio San Bartolom\u00e9<\/a> de Marcilla ha realizado en la asignatura de Ciencias Naturales un proyecto en ingl\u00e9s sobre las m\u00e1quinas y la evoluci\u00f3n tecnol\u00f3gica de la sociedad. Durante el mismo, han estudiado diferentes temas como los tipos de m\u00e1quinas o las mujeres inventoras. Han ido decidiendo sobre qu\u00e9 investigar, qu\u00e9 les hubiera gustado crear y eligiendo qu\u00e9 hacer y c\u00f3mo. En la parte final realizaron la revista on line.<\/p>\n\n\n\n<!--more-->\n\n\n\n<div class=\"wp-block-image\"><figure class=\"aligncenter size-large is-resized\"><a href=\"https:\/\/consejoescolar.educacion.navarra.es\/web1\/wp-content\/uploads\/2022\/03\/light-bulb-ideas-creative-diagram-concept-scaled-e1648713274345.jpg\"><img loading=\"lazy\" src=\"https:\/\/consejoescolar.educacion.navarra.es\/web1\/wp-content\/uploads\/2022\/03\/light-bulb-ideas-creative-diagram-concept-1024x670.jpg\" alt=\"\" class=\"wp-image-24273\" width=\"1024\" height=\"670\"\/><\/a><figcaption>Light Bulb Ideas Creative Diagram Concept<\/figcaption><\/figure><\/div>\n\n\n\n<p>Se trata de una <a href=\"https:\/\/juntosomosmasfuertes.wordpress.com\/\">revista<\/a> biling\u00fce que ofrece 4 \u00e1mbitos (cultura, deporte, trabajo y m\u00fasica) con diferentes entrevistas a vecinos del pueblo, que el alumnado ha escogido, con el objetivo de conocer diferentes opiniones sobre el impacto del desarrollo tecnol\u00f3gico en Marcilla y en la sociedad. Le han llamado: Juntos somos m\u00e1s fuertes.<\/p>\n\n\n\n<p><em>Puedes conocer la noticia publicada por Diario de Navarra el 31\/03\/2022 pinchando <a href=\"https:\/\/consejoescolar.educacion.navarra.es\/web1\/wp-content\/uploads\/2022\/03\/2859.pdf\">aqu\u00ed<\/a>. <\/em><\/p>\n\n\n\n<p><\/p>\n\n\n\n<p><\/p>\n\n\n\n<p><br><br><\/p>\n\n\n\n<p><\/p>\n","protected":false},"excerpt":{"rendered":"<p>El alumnado de 5\u00ba de Educaci\u00f3n Primaria del Colegio San Bartolom\u00e9 de Marcilla ha realizado en la asignatura de Ciencias Naturales un proyecto en ingl\u00e9s sobre las m\u00e1quinas y la evoluci\u00f3n tecnol\u00f3gica de la sociedad. Durante el mismo, han estudiado diferentes temas como los tipos de m\u00e1quinas o las mujeres inventoras. Han ido decidiendo sobre [&hellip;]<\/p>\n","protected":false},"author":1,"featured_media":24273,"comment_status":"closed","ping_status":"closed","sticky":false,"template":"","format":"standard","meta":{"_genesis_hide_title":false,"_genesis_hide_breadcrumbs":false,"_genesis_hide_singular_image":false,"_genesis_hide_footer_widgets":false,"_genesis_custom_body_class":"","_genesis_custom_post_class":"","_genesis_layout":"","jetpack_post_was_ever_published":false},"categories":[1],"tags":[],"jetpack_featured_media_url":"https:\/\/consejoescolar.educacion.navarra.es\/web1\/wp-content\/uploads\/2022\/03\/light-bulb-ideas-creative-diagram-concept-scaled-e1650874026356.jpg","_links":{"self":[{"href":"https:\/\/consejoescolar.educacion.navarra.es\/web1\/wp-json\/wp\/v2\/posts\/24266"}],"collection":[{"href":"https:\/\/consejoescolar.educacion.navarra.es\/web1\/wp-json\/wp\/v2\/posts"}],"about":[{"href":"https:\/\/consejoescolar.educacion.navarra.es\/web1\/wp-json\/wp\/v2\/types\/post"}],"author":[{"embeddable":true,"href":"https:\/\/consejoescolar.educacion.navarra.es\/web1\/wp-json\/wp\/v2\/users\/1"}],"replies":[{"embeddable":true,"href":"https:\/\/consejoescolar.educacion.navarra.es\/web1\/wp-json\/wp\/v2\/comments?post=24266"}],"version-history":[{"count":6,"href":"https:\/\/consejoescolar.educacion.navarra.es\/web1\/wp-json\/wp\/v2\/posts\/24266\/revisions"}],"predecessor-version":[{"id":24608,"href":"https:\/\/consejoescolar.educacion.navarra.es\/web1\/wp-json\/wp\/v2\/posts\/24266\/revisions\/24608"}],"wp:featuredmedia":[{"embeddable":true,"href":"https:\/\/consejoescolar.educacion.navarra.es\/web1\/wp-json\/wp\/v2\/media\/24273"}],"wp:attachment":[{"href":"https:\/\/consejoescolar.educacion.navarra.es\/web1\/wp-json\/wp\/v2\/media?parent=24266"}],"wp:term":[{"taxonomy":"category","embeddable":true,"href":"https:\/\/consejoescolar.educacion.navarra.es\/web1\/wp-json\/wp\/v2\/categories?post=24266"},{"taxonomy":"post_tag","embeddable":true,"href":"https:\/\/consejoescolar.educacion.navarra.es\/web1\/wp-json\/wp\/v2\/tags?post=24266"}],"curies":[{"name":"wp","href":"https:\/\/api.w.org\/{rel}","templated":true}]}}