{"id":2414,"date":"2015-12-14T13:00:31","date_gmt":"2015-12-14T12:00:31","guid":{"rendered":"http:\/\/consejoescolar.educacion.navarra.es\/web1\/?p=2414"},"modified":"2018-09-05T14:03:44","modified_gmt":"2018-09-05T12:03:44","slug":"jornadas-de-igualdad","status":"publish","type":"post","link":"https:\/\/consejoescolar.educacion.navarra.es\/web1\/2015\/12\/14\/jornadas-de-igualdad\/","title":{"rendered":"Jornadas de Igualdad"},"content":{"rendered":"<p>Unos 250 escolares de distintos centros educativos de Baztan han participado en las Jornadas por la Igualdad organizadas por los <a href=\"http:\/\/www.baztan.eus\/es\/\" target=\"_blank\" rel=\"noopener\">servicios municipales de Baztan<\/a> en la Biblioteca P\u00fablica de Elizondo, en el marco del d\u00eda Internacional para la Eliminaci\u00f3n de la Violencia hacia las Mujeres y cumpliendo con el apartado \u00abIgualdad y juventud\u00bb que se pretende abordar desde el <a href=\"http:\/\/www.baztan.eus\/files\/2014\/07\/BP_elebi.pdf\" target=\"_blank\" rel=\"noopener\">I. Plan de Igualdad entre \u00a0Mujeres y Hombres del Baztan.<\/a><\/p>\n<p><!--more--><\/p>\n<p>En las jornadas se han desarrollado talleres con una exposici\u00f3n did\u00e1ctica dirigida al alumnado de Primaria, con la literatura infantil y juvenil como punto de partida abordando la igualdad desde distintos puntos de vista.<\/p>\n<p><img loading=\"lazy\" class=\"aligncenter size-full wp-image-2417\" src=\"http:\/\/consejoescolar.educacion.navarra.es\/web1\/wp-content\/uploads\/2015\/12\/2.jpg\" alt=\"2\" width=\"4608\" height=\"2726\" srcset=\"https:\/\/consejoescolar.educacion.navarra.es\/web1\/wp-content\/uploads\/2015\/12\/2.jpg 4608w, https:\/\/consejoescolar.educacion.navarra.es\/web1\/wp-content\/uploads\/2015\/12\/2-300x177.jpg 300w, https:\/\/consejoescolar.educacion.navarra.es\/web1\/wp-content\/uploads\/2015\/12\/2-768x454.jpg 768w, https:\/\/consejoescolar.educacion.navarra.es\/web1\/wp-content\/uploads\/2015\/12\/2-1024x606.jpg 1024w\" sizes=\"(max-width: 4608px) 100vw, 4608px\" \/><\/p>\n<p>En estas sesiones, se ha proporcionado a los asistentes alternativas que superen los estereotipos sexuales y de g\u00e9nero, mostrando a las ni\u00f1as y ni\u00f1os que todas la profesiones pueden ser para todos y todas, relativizando la idea del amor rom\u00e1ntico y explic\u00e1ndoles que el reparto de roles puede ser mucho m\u00e1s complejo, al tiempo que se ha jugado con los roles de g\u00e9nero. En este sentido, se instal\u00f3 una exposici\u00f3n que fusiona literatura infantil, perspectiva de g\u00e9nero y arte, creando una escenograf\u00eda completa que ha enlazado m\u00fasica, audiovisuales, ilustraci\u00f3n, juego, artesan\u00eda o costura, para sacar a la luz im\u00e1genes paritarias y crear situaciones sin sexismo.<\/p>\n<p>Esta\u00a0exposici\u00f3n, que consta de 50 m<sup>2 \u00a0<\/sup>dividido en cada uno de sus 6 \u00e1reas\u00a0trabajar\u00e1 los siguientes temas:<\/p>\n<p>\u00c1rea 1: repensando los cuerpos, juego de las identidades.<\/p>\n<p>\u00c1rea 2: Siguiendo con los roles de g\u00e9nero, pensando en las profesiones.<\/p>\n<p>\u00c1rea 3: Trabajos dom\u00e9sticos, trabajos de cuidados&#8230;<\/p>\n<p>\u00c1rea 4: Educaci\u00f3n emocional desde el punto de vista de la coeducaci\u00f3n.<\/p>\n<p>\u00c1rea 5: Construyendo otras relaciones, rompiendo el mito del amor rom\u00e1ntico desde las relaciones de solidaridad.<\/p>\n<p>\u00c1rea 6: Llegada a la ISLA.<\/p>\n<div id='gallery-1' class='gallery galleryid-2414 gallery-columns-5 gallery-size-thumbnail'><figure class='gallery-item'>\n\t\t\t<div class='gallery-icon landscape'>\n\t\t\t\t<a href='https:\/\/consejoescolar.educacion.navarra.es\/web1\/wp-content\/uploads\/2015\/12\/1.jpg'><img width=\"150\" height=\"150\" src=\"https:\/\/consejoescolar.educacion.navarra.es\/web1\/wp-content\/uploads\/2015\/12\/1-150x150.jpg\" class=\"attachment-thumbnail size-thumbnail\" alt=\"\" loading=\"lazy\" \/><\/a>\n\t\t\t<\/div><\/figure><figure class='gallery-item'>\n\t\t\t<div class='gallery-icon portrait'>\n\t\t\t\t<a href='https:\/\/consejoescolar.educacion.navarra.es\/web1\/wp-content\/uploads\/2015\/12\/5.jpg'><img width=\"150\" height=\"150\" src=\"https:\/\/consejoescolar.educacion.navarra.es\/web1\/wp-content\/uploads\/2015\/12\/5-150x150.jpg\" class=\"attachment-thumbnail size-thumbnail\" alt=\"\" loading=\"lazy\" \/><\/a>\n\t\t\t<\/div><\/figure><figure class='gallery-item'>\n\t\t\t<div class='gallery-icon landscape'>\n\t\t\t\t<a href='https:\/\/consejoescolar.educacion.navarra.es\/web1\/wp-content\/uploads\/2015\/12\/2.jpg'><img width=\"150\" height=\"150\" src=\"https:\/\/consejoescolar.educacion.navarra.es\/web1\/wp-content\/uploads\/2015\/12\/2-150x150.jpg\" class=\"attachment-thumbnail size-thumbnail\" alt=\"\" loading=\"lazy\" \/><\/a>\n\t\t\t<\/div><\/figure><figure class='gallery-item'>\n\t\t\t<div class='gallery-icon landscape'>\n\t\t\t\t<a href='https:\/\/consejoescolar.educacion.navarra.es\/web1\/wp-content\/uploads\/2015\/12\/3.jpg'><img width=\"150\" height=\"150\" src=\"https:\/\/consejoescolar.educacion.navarra.es\/web1\/wp-content\/uploads\/2015\/12\/3-150x150.jpg\" class=\"attachment-thumbnail size-thumbnail\" alt=\"\" loading=\"lazy\" \/><\/a>\n\t\t\t<\/div><\/figure><figure class='gallery-item'>\n\t\t\t<div class='gallery-icon portrait'>\n\t\t\t\t<a href='https:\/\/consejoescolar.educacion.navarra.es\/web1\/wp-content\/uploads\/2015\/12\/4.jpg'><img width=\"150\" height=\"150\" src=\"https:\/\/consejoescolar.educacion.navarra.es\/web1\/wp-content\/uploads\/2015\/12\/4-150x150.jpg\" class=\"attachment-thumbnail size-thumbnail\" alt=\"\" loading=\"lazy\" \/><\/a>\n\t\t\t<\/div><\/figure>\n\t\t<\/div>\n\n<p>Haga click <a href=\"http:\/\/consejoescolar.educacion.navarra.es\/web1\/wp-content\/uploads\/2015\/12\/346.pdf\" target=\"_blank\" rel=\"noopener\">aqu\u00ed<\/a> para leer la noticia publicada por Diario de Noticias el 2\/12\/2015 y <a href=\"http:\/\/consejoescolar.educacion.navarra.es\/web1\/wp-content\/uploads\/2015\/12\/ITSASPEKO-BIHOTZAK_laburpena.doc\" target=\"_blank\" rel=\"noopener\">aqu\u00ed<\/a> para leer\u00a0la resumen (en euskera)\u00a0del taller organizado por el Servicio de Igualdad del ayuntamiento de Baztan.<\/p>\n","protected":false},"excerpt":{"rendered":"<p>Unos 250 escolares de distintos centros educativos de la zona de Baztan han participado en las Jornadas por la Igualdad organizadas por los servicios municipales de Baztan en la Biblioteca P\u00fablica de Elizondo, en el marco del d\u00eda Internacional para la Eliminaci\u00f3n de la Violencia hacia las Mujeres y cumpliendo con el apartado \u00abIgualdad y juventud\u00bb que se pretende abordar desde el I. Plan de Igualdad entre  Mujeres y Hombres del Baztan<\/p>\n","protected":false},"author":1,"featured_media":2417,"comment_status":"closed","ping_status":"closed","sticky":false,"template":"","format":"standard","meta":{"_genesis_hide_title":false,"_genesis_hide_breadcrumbs":false,"_genesis_hide_singular_image":false,"_genesis_hide_footer_widgets":false,"_genesis_custom_body_class":"","_genesis_custom_post_class":"","_genesis_layout":"","jetpack_post_was_ever_published":false},"categories":[1],"tags":[119],"jetpack_featured_media_url":"https:\/\/consejoescolar.educacion.navarra.es\/web1\/wp-content\/uploads\/2015\/12\/2.jpg","_links":{"self":[{"href":"https:\/\/consejoescolar.educacion.navarra.es\/web1\/wp-json\/wp\/v2\/posts\/2414"}],"collection":[{"href":"https:\/\/consejoescolar.educacion.navarra.es\/web1\/wp-json\/wp\/v2\/posts"}],"about":[{"href":"https:\/\/consejoescolar.educacion.navarra.es\/web1\/wp-json\/wp\/v2\/types\/post"}],"author":[{"embeddable":true,"href":"https:\/\/consejoescolar.educacion.navarra.es\/web1\/wp-json\/wp\/v2\/users\/1"}],"replies":[{"embeddable":true,"href":"https:\/\/consejoescolar.educacion.navarra.es\/web1\/wp-json\/wp\/v2\/comments?post=2414"}],"version-history":[{"count":7,"href":"https:\/\/consejoescolar.educacion.navarra.es\/web1\/wp-json\/wp\/v2\/posts\/2414\/revisions"}],"predecessor-version":[{"id":13347,"href":"https:\/\/consejoescolar.educacion.navarra.es\/web1\/wp-json\/wp\/v2\/posts\/2414\/revisions\/13347"}],"wp:featuredmedia":[{"embeddable":true,"href":"https:\/\/consejoescolar.educacion.navarra.es\/web1\/wp-json\/wp\/v2\/media\/2417"}],"wp:attachment":[{"href":"https:\/\/consejoescolar.educacion.navarra.es\/web1\/wp-json\/wp\/v2\/media?parent=2414"}],"wp:term":[{"taxonomy":"category","embeddable":true,"href":"https:\/\/consejoescolar.educacion.navarra.es\/web1\/wp-json\/wp\/v2\/categories?post=2414"},{"taxonomy":"post_tag","embeddable":true,"href":"https:\/\/consejoescolar.educacion.navarra.es\/web1\/wp-json\/wp\/v2\/tags?post=2414"}],"curies":[{"name":"wp","href":"https:\/\/api.w.org\/{rel}","templated":true}]}}