{"id":23443,"date":"2024-06-25T10:37:51","date_gmt":"2024-06-25T08:37:51","guid":{"rendered":"https:\/\/consejoescolar.educacion.navarra.es\/web1\/?p=23443"},"modified":"2024-06-25T10:39:39","modified_gmt":"2024-06-25T08:39:39","slug":"we-help-the-world","status":"publish","type":"post","link":"https:\/\/consejoescolar.educacion.navarra.es\/web1\/2024\/06\/25\/we-help-the-world\/","title":{"rendered":"We help the world!"},"content":{"rendered":"\n<p>En la escuela <a href=\"https:\/\/montcada.fedac.cat\/projecte-art-a-les-escoles\/\">FEDAC Montcada<\/a> han trabajado los derechos humanos a trav\u00e9s del arte. Desde el \u00e1rea de lengua<br>inglesa han aprovechado la literatura como disciplina art\u00edstica para acercar la tem\u00e1tica de los refugiados al alumnado<br>de una manera m\u00e1s visual, atractiva, pr\u00f3xima y sencilla. Uno de los artistas de referencia es <a href=\"https:\/\/sirolopez.com\/\">Siro L\u00f3pez<\/a>, que tiene varias<br>exposiciones de pintura y de fotograf\u00eda sobre los derechos humanos.<\/p>\n\n\n\n<!--more-->\n\n\n\n<div class=\"wp-block-image\"><figure class=\"aligncenter size-large is-resized\"><a href=\"https:\/\/consejoescolar.educacion.navarra.es\/web1\/wp-content\/uploads\/2022\/01\/james-beheshti-CgaqmIlYGUY-unsplash-scaled.jpg\"><img loading=\"lazy\" src=\"https:\/\/consejoescolar.educacion.navarra.es\/web1\/wp-content\/uploads\/2022\/01\/james-beheshti-CgaqmIlYGUY-unsplash-1024x768.jpg\" alt=\"\" class=\"wp-image-23444\" width=\"561\" height=\"421\"\/><\/a><\/figure><\/div>\n\n\n\n<p>El proyecto interdisciplinario de los derechos humanos  dio la oportunidad de acercar a esta tem\u00e1tica desde una perspectiva distinta en cada una de las etapas educativas y vincularla con diferentes vertientes art\u00edsticas.<\/p>\n\n\n\n<p><em>Puedes leer <a href=\"https:\/\/consejoescolar.educacion.navarra.es\/web1\/wp-content\/uploads\/2022\/01\/2828.pdf\">aqu\u00ed <\/a>la noticia publicada por Aula<\/em> <em>n\u00ba 311.<\/em><\/p>\n","protected":false},"excerpt":{"rendered":"<p>En la escuela FEDAC Montcada han trabajado los derechos humanos a trav\u00e9s del arte. Desde el \u00e1rea de lenguainglesa han aprovechado la literatura como disciplina art\u00edstica para acercar la tem\u00e1tica de los refugiados al alumnadode una manera m\u00e1s visual, atractiva, pr\u00f3xima y sencilla. Uno de los artistas de referencia es Siro L\u00f3pez, que tiene variasexposiciones [&hellip;]<\/p>\n","protected":false},"author":1,"featured_media":23444,"comment_status":"closed","ping_status":"closed","sticky":false,"template":"","format":"standard","meta":{"_genesis_hide_title":false,"_genesis_hide_breadcrumbs":false,"_genesis_hide_singular_image":false,"_genesis_hide_footer_widgets":false,"_genesis_custom_body_class":"","_genesis_custom_post_class":"","_genesis_layout":"","jetpack_post_was_ever_published":false},"categories":[1],"tags":[],"jetpack_featured_media_url":"https:\/\/consejoescolar.educacion.navarra.es\/web1\/wp-content\/uploads\/2022\/01\/james-beheshti-CgaqmIlYGUY-unsplash-scaled-e1648126817903.jpg","_links":{"self":[{"href":"https:\/\/consejoescolar.educacion.navarra.es\/web1\/wp-json\/wp\/v2\/posts\/23443"}],"collection":[{"href":"https:\/\/consejoescolar.educacion.navarra.es\/web1\/wp-json\/wp\/v2\/posts"}],"about":[{"href":"https:\/\/consejoescolar.educacion.navarra.es\/web1\/wp-json\/wp\/v2\/types\/post"}],"author":[{"embeddable":true,"href":"https:\/\/consejoescolar.educacion.navarra.es\/web1\/wp-json\/wp\/v2\/users\/1"}],"replies":[{"embeddable":true,"href":"https:\/\/consejoescolar.educacion.navarra.es\/web1\/wp-json\/wp\/v2\/comments?post=23443"}],"version-history":[{"count":2,"href":"https:\/\/consejoescolar.educacion.navarra.es\/web1\/wp-json\/wp\/v2\/posts\/23443\/revisions"}],"predecessor-version":[{"id":23449,"href":"https:\/\/consejoescolar.educacion.navarra.es\/web1\/wp-json\/wp\/v2\/posts\/23443\/revisions\/23449"}],"wp:featuredmedia":[{"embeddable":true,"href":"https:\/\/consejoescolar.educacion.navarra.es\/web1\/wp-json\/wp\/v2\/media\/23444"}],"wp:attachment":[{"href":"https:\/\/consejoescolar.educacion.navarra.es\/web1\/wp-json\/wp\/v2\/media?parent=23443"}],"wp:term":[{"taxonomy":"category","embeddable":true,"href":"https:\/\/consejoescolar.educacion.navarra.es\/web1\/wp-json\/wp\/v2\/categories?post=23443"},{"taxonomy":"post_tag","embeddable":true,"href":"https:\/\/consejoescolar.educacion.navarra.es\/web1\/wp-json\/wp\/v2\/tags?post=23443"}],"curies":[{"name":"wp","href":"https:\/\/api.w.org\/{rel}","templated":true}]}}