{"id":22813,"date":"2024-09-30T13:17:33","date_gmt":"2024-09-30T11:17:33","guid":{"rendered":"https:\/\/consejoescolar.educacion.navarra.es\/web1\/?p=22813"},"modified":"2024-09-30T13:18:10","modified_gmt":"2024-09-30T11:18:10","slug":"altar-de-muertos","status":"publish","type":"post","link":"https:\/\/consejoescolar.educacion.navarra.es\/web1\/2024\/09\/30\/altar-de-muertos\/","title":{"rendered":"Altar de muertos"},"content":{"rendered":"\n<p>El altar de muertos, en el marco del Proyecto de Intercambio Catalunya-M\u00e9xico de la escuela, es una celebraci\u00f3n para sumergirse en la cultura mexicana. Es una pieza clave para entenderla e implicar a toda la familia y comunidad educativa para recordar, hacer memoria y homenajear a los antepasados. Es una oportunidad donde se hace de la muerte una fi esta de los sentidos, pero tambi\u00e9n de los sentimientos y de la raz\u00f3n, porque de las personas nos quedan las im\u00e1genes, los objetos, los recuerdos&#8230; y tambi\u00e9n las palabras.<\/p>\n\n\n\n<!--more-->\n\n\n\n<div class=\"wp-block-image\"><figure class=\"aligncenter size-large is-resized\"><a href=\"https:\/\/consejoescolar.educacion.navarra.es\/web1\/wp-content\/uploads\/2021\/11\/pexels-photo-5554180.jpeg\"><img loading=\"lazy\" src=\"https:\/\/consejoescolar.educacion.navarra.es\/web1\/wp-content\/uploads\/2021\/11\/pexels-photo-5554180-683x1024.jpeg\" alt=\"\" class=\"wp-image-22814\" width=\"407\" height=\"610\" srcset=\"https:\/\/consejoescolar.educacion.navarra.es\/web1\/wp-content\/uploads\/2021\/11\/pexels-photo-5554180-683x1024.jpeg 683w, https:\/\/consejoescolar.educacion.navarra.es\/web1\/wp-content\/uploads\/2021\/11\/pexels-photo-5554180-200x300.jpeg 200w, https:\/\/consejoescolar.educacion.navarra.es\/web1\/wp-content\/uploads\/2021\/11\/pexels-photo-5554180-768x1152.jpeg 768w, https:\/\/consejoescolar.educacion.navarra.es\/web1\/wp-content\/uploads\/2021\/11\/pexels-photo-5554180.jpeg 1000w\" sizes=\"(max-width: 407px) 100vw, 407px\" \/><\/a><\/figure><\/div>\n\n\n\n<p>En esta ocasi\u00f3n, el altar de muertos se dedica a una persona fallecida a lo largo de ese a\u00f1o, con una trayectoria personal y profesional relevante en nuestro pa\u00eds que puede ser inspiradora para nuestros ni\u00f1os y ni\u00f1as.<\/p>\n\n\n\n<p>P<em>uedes ampliar la informaci\u00f3n publicada en Aula n\u00ba 310 <a href=\"https:\/\/consejoescolar.educacion.navarra.es\/web1\/wp-content\/uploads\/2021\/11\/2790.pdf\">aqu\u00ed<\/a>.<\/em><\/p>\n","protected":false},"excerpt":{"rendered":"<p>El altar de muertos, en el marco del Proyecto de Intercambio Catalunya-M\u00e9xico de la escuela, es una celebraci\u00f3n para sumergirse en la cultura mexicana. Es una pieza clave para entenderla e implicar a toda la familia y comunidad educativa para recordar, hacer memoria y homenajear a los antepasados. Es una oportunidad donde se hace de [&hellip;]<\/p>\n","protected":false},"author":1,"featured_media":22814,"comment_status":"closed","ping_status":"closed","sticky":false,"template":"","format":"standard","meta":{"_genesis_hide_title":false,"_genesis_hide_breadcrumbs":false,"_genesis_hide_singular_image":false,"_genesis_hide_footer_widgets":false,"_genesis_custom_body_class":"","_genesis_custom_post_class":"","_genesis_layout":"","jetpack_post_was_ever_published":false},"categories":[1],"tags":[],"jetpack_featured_media_url":"https:\/\/consejoescolar.educacion.navarra.es\/web1\/wp-content\/uploads\/2021\/11\/pexels-photo-5554180.jpeg","_links":{"self":[{"href":"https:\/\/consejoescolar.educacion.navarra.es\/web1\/wp-json\/wp\/v2\/posts\/22813"}],"collection":[{"href":"https:\/\/consejoescolar.educacion.navarra.es\/web1\/wp-json\/wp\/v2\/posts"}],"about":[{"href":"https:\/\/consejoescolar.educacion.navarra.es\/web1\/wp-json\/wp\/v2\/types\/post"}],"author":[{"embeddable":true,"href":"https:\/\/consejoescolar.educacion.navarra.es\/web1\/wp-json\/wp\/v2\/users\/1"}],"replies":[{"embeddable":true,"href":"https:\/\/consejoescolar.educacion.navarra.es\/web1\/wp-json\/wp\/v2\/comments?post=22813"}],"version-history":[{"count":3,"href":"https:\/\/consejoescolar.educacion.navarra.es\/web1\/wp-json\/wp\/v2\/posts\/22813\/revisions"}],"predecessor-version":[{"id":33536,"href":"https:\/\/consejoescolar.educacion.navarra.es\/web1\/wp-json\/wp\/v2\/posts\/22813\/revisions\/33536"}],"wp:featuredmedia":[{"embeddable":true,"href":"https:\/\/consejoescolar.educacion.navarra.es\/web1\/wp-json\/wp\/v2\/media\/22814"}],"wp:attachment":[{"href":"https:\/\/consejoescolar.educacion.navarra.es\/web1\/wp-json\/wp\/v2\/media?parent=22813"}],"wp:term":[{"taxonomy":"category","embeddable":true,"href":"https:\/\/consejoescolar.educacion.navarra.es\/web1\/wp-json\/wp\/v2\/categories?post=22813"},{"taxonomy":"post_tag","embeddable":true,"href":"https:\/\/consejoescolar.educacion.navarra.es\/web1\/wp-json\/wp\/v2\/tags?post=22813"}],"curies":[{"name":"wp","href":"https:\/\/api.w.org\/{rel}","templated":true}]}}