{"id":20789,"date":"2024-07-16T07:36:37","date_gmt":"2024-07-16T05:36:37","guid":{"rendered":"https:\/\/consejoescolar.educacion.navarra.es\/web1\/?p=20789"},"modified":"2024-07-16T07:36:39","modified_gmt":"2024-07-16T05:36:39","slug":"instituto-escuela","status":"publish","type":"post","link":"https:\/\/consejoescolar.educacion.navarra.es\/web1\/2024\/07\/16\/instituto-escuela\/","title":{"rendered":"Instituto-escuela"},"content":{"rendered":"\n<p>Los centros p\u00fablicos con alumnado de educaci\u00f3n infantil, primaria y secundaria son una minor\u00eda, pero ponen en pr\u00e1ctica soluciones a carencias end\u00e9micas de nuestro sistema educativo.<\/p>\n\n\n\n<!--more-->\n\n\n\n<div class=\"wp-block-image\"><figure class=\"aligncenter size-large is-resized\"><a href=\"https:\/\/consejoescolar.educacion.navarra.es\/web1\/wp-content\/uploads\/2021\/03\/boy-1822631_1280.jpg\"><img loading=\"lazy\" src=\"https:\/\/consejoescolar.educacion.navarra.es\/web1\/wp-content\/uploads\/2021\/03\/boy-1822631_1280-1024x567.jpg\" alt=\"\" class=\"wp-image-20795\" width=\"583\" height=\"323\" srcset=\"https:\/\/consejoescolar.educacion.navarra.es\/web1\/wp-content\/uploads\/2021\/03\/boy-1822631_1280-1024x567.jpg 1024w, https:\/\/consejoescolar.educacion.navarra.es\/web1\/wp-content\/uploads\/2021\/03\/boy-1822631_1280-300x166.jpg 300w, https:\/\/consejoescolar.educacion.navarra.es\/web1\/wp-content\/uploads\/2021\/03\/boy-1822631_1280-768x425.jpg 768w, https:\/\/consejoescolar.educacion.navarra.es\/web1\/wp-content\/uploads\/2021\/03\/boy-1822631_1280.jpg 1280w\" sizes=\"(max-width: 583px) 100vw, 583px\" \/><\/a><\/figure><\/div>\n\n\n\n<p>Un \u00fanico equipo, un \u00fanico centro y un \u00fanico curr\u00edculo para la educaci\u00f3n obligatoria son una realidad en estos centros. En estos centros seguir la evoluci\u00f3n del alumnado desde los tres a\u00f1os hasta los diecis\u00e9is da perspectiva sobre su progresi\u00f3n.<\/p>\n\n\n\n<p><a href=\"https:\/\/consejoescolar.educacion.navarra.es\/web1\/wp-content\/uploads\/2021\/03\/2510.pdf\">Aqu\u00ed <\/a>y <a href=\"https:\/\/consejoescolar.educacion.navarra.es\/web1\/wp-content\/uploads\/2021\/03\/2512.pdf\">aqu\u00ed <\/a>puedes consultar los art\u00edculos publicados en la revista Aula de Secundaria.<\/p>\n","protected":false},"excerpt":{"rendered":"<p>Los centros p\u00fablicos con alumnado de educaci\u00f3n infantil, primaria y secundaria son una minor\u00eda, pero ponen en pr\u00e1ctica soluciones a carencias end\u00e9micas de nuestro sistema educativo.<\/p>\n","protected":false},"author":1,"featured_media":20795,"comment_status":"closed","ping_status":"closed","sticky":false,"template":"","format":"standard","meta":{"_genesis_hide_title":false,"_genesis_hide_breadcrumbs":false,"_genesis_hide_singular_image":false,"_genesis_hide_footer_widgets":false,"_genesis_custom_body_class":"","_genesis_custom_post_class":"","_genesis_layout":"","jetpack_post_was_ever_published":false},"categories":[1],"tags":[],"jetpack_featured_media_url":"https:\/\/consejoescolar.educacion.navarra.es\/web1\/wp-content\/uploads\/2021\/03\/boy-1822631_1280.jpg","_links":{"self":[{"href":"https:\/\/consejoescolar.educacion.navarra.es\/web1\/wp-json\/wp\/v2\/posts\/20789"}],"collection":[{"href":"https:\/\/consejoescolar.educacion.navarra.es\/web1\/wp-json\/wp\/v2\/posts"}],"about":[{"href":"https:\/\/consejoescolar.educacion.navarra.es\/web1\/wp-json\/wp\/v2\/types\/post"}],"author":[{"embeddable":true,"href":"https:\/\/consejoescolar.educacion.navarra.es\/web1\/wp-json\/wp\/v2\/users\/1"}],"replies":[{"embeddable":true,"href":"https:\/\/consejoescolar.educacion.navarra.es\/web1\/wp-json\/wp\/v2\/comments?post=20789"}],"version-history":[{"count":4,"href":"https:\/\/consejoescolar.educacion.navarra.es\/web1\/wp-json\/wp\/v2\/posts\/20789\/revisions"}],"predecessor-version":[{"id":33361,"href":"https:\/\/consejoescolar.educacion.navarra.es\/web1\/wp-json\/wp\/v2\/posts\/20789\/revisions\/33361"}],"wp:featuredmedia":[{"embeddable":true,"href":"https:\/\/consejoescolar.educacion.navarra.es\/web1\/wp-json\/wp\/v2\/media\/20795"}],"wp:attachment":[{"href":"https:\/\/consejoescolar.educacion.navarra.es\/web1\/wp-json\/wp\/v2\/media?parent=20789"}],"wp:term":[{"taxonomy":"category","embeddable":true,"href":"https:\/\/consejoescolar.educacion.navarra.es\/web1\/wp-json\/wp\/v2\/categories?post=20789"},{"taxonomy":"post_tag","embeddable":true,"href":"https:\/\/consejoescolar.educacion.navarra.es\/web1\/wp-json\/wp\/v2\/tags?post=20789"}],"curies":[{"name":"wp","href":"https:\/\/api.w.org\/{rel}","templated":true}]}}