{"id":20713,"date":"2024-02-23T09:17:40","date_gmt":"2024-02-23T08:17:40","guid":{"rendered":"https:\/\/consejoescolar.educacion.navarra.es\/web1\/?p=20713"},"modified":"2024-02-26T08:35:18","modified_gmt":"2024-02-26T07:35:18","slug":"espacio-sonado","status":"publish","type":"post","link":"https:\/\/consejoescolar.educacion.navarra.es\/web1\/2024\/02\/23\/espacio-sonado\/","title":{"rendered":"Espacio so\u00f1ado"},"content":{"rendered":"\n<p>\u00abEspacio so\u00f1ado\u00bb es un proyecto de transformaci\u00f3n del espacio exterior de la escuela infantil Ninos Mon Peixet, de Picassent, que consiste en una transformaci\u00f3n no solo f\u00edsica, sino que incluye tambi\u00e9n una faceta emocional, un aprecio por la naturaleza, una creencia de que los ni\u00f1os y ni\u00f1as son capaces, una seguridad en los cambios y la implicaci\u00f3n del equipo educativo.<\/p>\n\n\n\n<!--more-->\n\n\n\n<figure class=\"wp-block-image size-full\"><a href=\"https:\/\/consejoescolar.educacion.navarra.es\/web1\/wp-content\/uploads\/2021\/03\/patio-15.png\"><img loading=\"lazy\" width=\"950\" height=\"623\" src=\"https:\/\/consejoescolar.educacion.navarra.es\/web1\/wp-content\/uploads\/2021\/03\/patio-15.png\" alt=\"\" class=\"wp-image-20703\" srcset=\"https:\/\/consejoescolar.educacion.navarra.es\/web1\/wp-content\/uploads\/2021\/03\/patio-15.png 950w, https:\/\/consejoescolar.educacion.navarra.es\/web1\/wp-content\/uploads\/2021\/03\/patio-15-300x197.png 300w, https:\/\/consejoescolar.educacion.navarra.es\/web1\/wp-content\/uploads\/2021\/03\/patio-15-768x504.png 768w\" sizes=\"(max-width: 950px) 100vw, 950px\" \/><\/a><\/figure>\n\n\n\n<p>Es imprescindible que los ni\u00f1os y ni\u00f1as tengan un patio que les guste porque les comprende estimulando el juego libre, individual o colectivo, la imaginaci\u00f3n, el lenguaje, las conductas sociales, la expresi\u00f3n emocional&#8230;<\/p>\n\n\n\n<p><a href=\"https:\/\/consejoescolar.educacion.navarra.es\/web1\/wp-content\/uploads\/2021\/03\/2376.pdf\">Aqu\u00ed <\/a>puedes consultar el proyecto publicado en la revista Aula de Infantil.<\/p>\n","protected":false},"excerpt":{"rendered":"<p>\u00abEspacio so\u00f1ado\u00bb es un proyecto de transformaci\u00f3n del espacio exterior de la escuela infantil Ninos Mon Peixet, de Picassent, que consiste en una transformaci\u00f3n no solo f\u00edsica, sino que incluye tambi\u00e9n una faceta emocional, un aprecio por la naturaleza, una creencia de que los ni\u00f1os y ni\u00f1as son capaces, una seguridad en los cambios y [&hellip;]<\/p>\n","protected":false},"author":1,"featured_media":20703,"comment_status":"closed","ping_status":"closed","sticky":false,"template":"","format":"standard","meta":{"_genesis_hide_title":false,"_genesis_hide_breadcrumbs":false,"_genesis_hide_singular_image":false,"_genesis_hide_footer_widgets":false,"_genesis_custom_body_class":"","_genesis_custom_post_class":"","_genesis_layout":"","jetpack_post_was_ever_published":false},"categories":[1],"tags":[],"jetpack_featured_media_url":"https:\/\/consejoescolar.educacion.navarra.es\/web1\/wp-content\/uploads\/2021\/03\/patio-15.png","_links":{"self":[{"href":"https:\/\/consejoescolar.educacion.navarra.es\/web1\/wp-json\/wp\/v2\/posts\/20713"}],"collection":[{"href":"https:\/\/consejoescolar.educacion.navarra.es\/web1\/wp-json\/wp\/v2\/posts"}],"about":[{"href":"https:\/\/consejoescolar.educacion.navarra.es\/web1\/wp-json\/wp\/v2\/types\/post"}],"author":[{"embeddable":true,"href":"https:\/\/consejoescolar.educacion.navarra.es\/web1\/wp-json\/wp\/v2\/users\/1"}],"replies":[{"embeddable":true,"href":"https:\/\/consejoescolar.educacion.navarra.es\/web1\/wp-json\/wp\/v2\/comments?post=20713"}],"version-history":[{"count":4,"href":"https:\/\/consejoescolar.educacion.navarra.es\/web1\/wp-json\/wp\/v2\/posts\/20713\/revisions"}],"predecessor-version":[{"id":32395,"href":"https:\/\/consejoescolar.educacion.navarra.es\/web1\/wp-json\/wp\/v2\/posts\/20713\/revisions\/32395"}],"wp:featuredmedia":[{"embeddable":true,"href":"https:\/\/consejoescolar.educacion.navarra.es\/web1\/wp-json\/wp\/v2\/media\/20703"}],"wp:attachment":[{"href":"https:\/\/consejoescolar.educacion.navarra.es\/web1\/wp-json\/wp\/v2\/media?parent=20713"}],"wp:term":[{"taxonomy":"category","embeddable":true,"href":"https:\/\/consejoescolar.educacion.navarra.es\/web1\/wp-json\/wp\/v2\/categories?post=20713"},{"taxonomy":"post_tag","embeddable":true,"href":"https:\/\/consejoescolar.educacion.navarra.es\/web1\/wp-json\/wp\/v2\/tags?post=20713"}],"curies":[{"name":"wp","href":"https:\/\/api.w.org\/{rel}","templated":true}]}}