{"id":20702,"date":"2024-02-21T12:22:02","date_gmt":"2024-02-21T11:22:02","guid":{"rendered":"https:\/\/consejoescolar.educacion.navarra.es\/web1\/?p=20702"},"modified":"2024-02-21T12:22:04","modified_gmt":"2024-02-21T11:22:04","slug":"experimento-accion","status":"publish","type":"post","link":"https:\/\/consejoescolar.educacion.navarra.es\/web1\/2024\/02\/21\/experimento-accion\/","title":{"rendered":"Experimento-Acci\u00f3n"},"content":{"rendered":"\n<p>La jornada Experimento-Acci\u00f3n es una de las propuestas del instituto Narc\u00eds Oller de Valls (Tarragona) para aprovechar el potencial de los futuros t\u00e9cnicos y t\u00e9cnicas en Educaci\u00f3n Infantil formados en el centro y ponerlo al servicio de la comunidad.<\/p>\n\n\n\n<!--more-->\n\n\n\n<figure class=\"wp-block-image size-large\"><a href=\"https:\/\/consejoescolar.educacion.navarra.es\/web1\/wp-content\/uploads\/2021\/03\/dragos-gontariu-54VAb3f1z6w-unsplash-scaled.jpg\"><img loading=\"lazy\" width=\"1024\" height=\"680\" src=\"https:\/\/consejoescolar.educacion.navarra.es\/web1\/wp-content\/uploads\/2021\/03\/dragos-gontariu-54VAb3f1z6w-unsplash-1024x680.jpg\" alt=\"\" class=\"wp-image-20710\" srcset=\"https:\/\/consejoescolar.educacion.navarra.es\/web1\/wp-content\/uploads\/2021\/03\/dragos-gontariu-54VAb3f1z6w-unsplash-1024x680.jpg 1024w, https:\/\/consejoescolar.educacion.navarra.es\/web1\/wp-content\/uploads\/2021\/03\/dragos-gontariu-54VAb3f1z6w-unsplash-300x199.jpg 300w, https:\/\/consejoescolar.educacion.navarra.es\/web1\/wp-content\/uploads\/2021\/03\/dragos-gontariu-54VAb3f1z6w-unsplash-768x510.jpg 768w, https:\/\/consejoescolar.educacion.navarra.es\/web1\/wp-content\/uploads\/2021\/03\/dragos-gontariu-54VAb3f1z6w-unsplash-1536x1020.jpg 1536w, https:\/\/consejoescolar.educacion.navarra.es\/web1\/wp-content\/uploads\/2021\/03\/dragos-gontariu-54VAb3f1z6w-unsplash-2048x1360.jpg 2048w\" sizes=\"(max-width: 1024px) 100vw, 1024px\" \/><\/a><\/figure>\n\n\n\n<p>Experimento-Acci\u00f3n es una iniciativa que cuenta con el material creado por el alumnado del Ciclo Formativo de Educaci\u00f3n Infantil para ni\u00f1os y ni\u00f1as de 0a 6 a\u00f1os. De esta manera, se da una salida y una utilidad a un material que tiene como objetivo provocar la curiosidad, las preguntas y la experimentaci\u00f3n de los m\u00e1s peque\u00f1os al igual que poder resolver los problemas con creatividad.<\/p>\n\n\n\n<p><a href=\"https:\/\/consejoescolar.educacion.navarra.es\/web1\/wp-content\/uploads\/2021\/03\/2375.pdf\">Aqu\u00ed <\/a>puedes consultar el proyecto publicado en la revista Aula de Infantil.<\/p>\n","protected":false},"excerpt":{"rendered":"<p>La jornada Experimento-Acci\u00f3n es una de las propuestas del instituto Narc\u00eds Oller de Valls (Tarragona) para aprovechar el potencial de los futuros t\u00e9cnicos y t\u00e9cnicas en Educaci\u00f3n Infantil formados en el centro y ponerlo al servicio de la comunidad.<\/p>\n","protected":false},"author":1,"featured_media":20710,"comment_status":"closed","ping_status":"closed","sticky":false,"template":"","format":"standard","meta":{"_genesis_hide_title":false,"_genesis_hide_breadcrumbs":false,"_genesis_hide_singular_image":false,"_genesis_hide_footer_widgets":false,"_genesis_custom_body_class":"","_genesis_custom_post_class":"","_genesis_layout":"","jetpack_post_was_ever_published":false},"categories":[1],"tags":[],"jetpack_featured_media_url":"https:\/\/consejoescolar.educacion.navarra.es\/web1\/wp-content\/uploads\/2021\/03\/dragos-gontariu-54VAb3f1z6w-unsplash-scaled.jpg","_links":{"self":[{"href":"https:\/\/consejoescolar.educacion.navarra.es\/web1\/wp-json\/wp\/v2\/posts\/20702"}],"collection":[{"href":"https:\/\/consejoescolar.educacion.navarra.es\/web1\/wp-json\/wp\/v2\/posts"}],"about":[{"href":"https:\/\/consejoescolar.educacion.navarra.es\/web1\/wp-json\/wp\/v2\/types\/post"}],"author":[{"embeddable":true,"href":"https:\/\/consejoescolar.educacion.navarra.es\/web1\/wp-json\/wp\/v2\/users\/1"}],"replies":[{"embeddable":true,"href":"https:\/\/consejoescolar.educacion.navarra.es\/web1\/wp-json\/wp\/v2\/comments?post=20702"}],"version-history":[{"count":4,"href":"https:\/\/consejoescolar.educacion.navarra.es\/web1\/wp-json\/wp\/v2\/posts\/20702\/revisions"}],"predecessor-version":[{"id":32354,"href":"https:\/\/consejoescolar.educacion.navarra.es\/web1\/wp-json\/wp\/v2\/posts\/20702\/revisions\/32354"}],"wp:featuredmedia":[{"embeddable":true,"href":"https:\/\/consejoescolar.educacion.navarra.es\/web1\/wp-json\/wp\/v2\/media\/20710"}],"wp:attachment":[{"href":"https:\/\/consejoescolar.educacion.navarra.es\/web1\/wp-json\/wp\/v2\/media?parent=20702"}],"wp:term":[{"taxonomy":"category","embeddable":true,"href":"https:\/\/consejoescolar.educacion.navarra.es\/web1\/wp-json\/wp\/v2\/categories?post=20702"},{"taxonomy":"post_tag","embeddable":true,"href":"https:\/\/consejoescolar.educacion.navarra.es\/web1\/wp-json\/wp\/v2\/tags?post=20702"}],"curies":[{"name":"wp","href":"https:\/\/api.w.org\/{rel}","templated":true}]}}