{"id":20363,"date":"2022-10-03T12:06:54","date_gmt":"2022-10-03T10:06:54","guid":{"rendered":"https:\/\/consejoescolar.educacion.navarra.es\/web1\/?p=20363"},"modified":"2022-10-03T12:07:02","modified_gmt":"2022-10-03T10:07:02","slug":"motivacion","status":"publish","type":"post","link":"https:\/\/consejoescolar.educacion.navarra.es\/web1\/2022\/10\/03\/motivacion\/","title":{"rendered":"Motivaci\u00f3n"},"content":{"rendered":"\n<p>Cada vez son m\u00e1s los trabajos y las investigaciones que vinculan la dimensi\u00f3n cognitiva de la conducta del alumnado con la afectiva y emocional. Para explicar la motivaci\u00f3n en el aprendizaje es necesario apelar a variables cognitivas, emocionales y afectivas.<\/p>\n\n\n\n<!--more-->\n\n\n\n<figure class=\"wp-block-image size-large\"><a href=\"https:\/\/consejoescolar.educacion.navarra.es\/web1\/wp-content\/uploads\/2021\/02\/xan-griffin-eA2t5EvcxU4-unsplash-scaled.jpg\"><img loading=\"lazy\" width=\"1024\" height=\"683\" src=\"https:\/\/consejoescolar.educacion.navarra.es\/web1\/wp-content\/uploads\/2021\/02\/xan-griffin-eA2t5EvcxU4-unsplash-1024x683.jpg\" alt=\"\" class=\"wp-image-20419\" srcset=\"https:\/\/consejoescolar.educacion.navarra.es\/web1\/wp-content\/uploads\/2021\/02\/xan-griffin-eA2t5EvcxU4-unsplash-1024x683.jpg 1024w, https:\/\/consejoescolar.educacion.navarra.es\/web1\/wp-content\/uploads\/2021\/02\/xan-griffin-eA2t5EvcxU4-unsplash-300x200.jpg 300w, https:\/\/consejoescolar.educacion.navarra.es\/web1\/wp-content\/uploads\/2021\/02\/xan-griffin-eA2t5EvcxU4-unsplash-768x512.jpg 768w, https:\/\/consejoescolar.educacion.navarra.es\/web1\/wp-content\/uploads\/2021\/02\/xan-griffin-eA2t5EvcxU4-unsplash-1536x1025.jpg 1536w, https:\/\/consejoescolar.educacion.navarra.es\/web1\/wp-content\/uploads\/2021\/02\/xan-griffin-eA2t5EvcxU4-unsplash-2048x1367.jpg 2048w\" sizes=\"(max-width: 1024px) 100vw, 1024px\" \/><\/a><\/figure>\n\n\n\n<p>La conducta motivacional tiene naturaleza psicol\u00f3gica, es decir, las metodolog\u00edas en s\u00ed mismas no son motivadoras o no, si no que va a depender de las percepciones, las atribuciones, las creencias, las emociones y los afectos que en su planteamiento y aplicaci\u00f3n generen.<\/p>\n\n\n\n<p>Clic <a href=\"https:\/\/consejoescolar.educacion.navarra.es\/web1\/wp-content\/uploads\/2021\/02\/2343.pdf\">aqu\u00ed <\/a>para consultar el art\u00edculo de la revista Aula de Secundaria.<strong><\/strong><\/p>\n","protected":false},"excerpt":{"rendered":"<p>Cada vez son m\u00e1s los trabajos y las investigaciones que vinculan la dimensi\u00f3n cognitiva de la conducta del alumnado con la afectiva y emocional. Para explicar la motivaci\u00f3n en el aprendizaje es necesario apelar a variables cognitivas, emocionales y afectivas.<\/p>\n","protected":false},"author":1,"featured_media":20419,"comment_status":"closed","ping_status":"closed","sticky":false,"template":"","format":"standard","meta":{"_genesis_hide_title":false,"_genesis_hide_breadcrumbs":false,"_genesis_hide_singular_image":false,"_genesis_hide_footer_widgets":false,"_genesis_custom_body_class":"","_genesis_custom_post_class":"","_genesis_layout":"","jetpack_post_was_ever_published":false},"categories":[1],"tags":[],"jetpack_featured_media_url":"https:\/\/consejoescolar.educacion.navarra.es\/web1\/wp-content\/uploads\/2021\/02\/xan-griffin-eA2t5EvcxU4-unsplash-scaled.jpg","_links":{"self":[{"href":"https:\/\/consejoescolar.educacion.navarra.es\/web1\/wp-json\/wp\/v2\/posts\/20363"}],"collection":[{"href":"https:\/\/consejoescolar.educacion.navarra.es\/web1\/wp-json\/wp\/v2\/posts"}],"about":[{"href":"https:\/\/consejoescolar.educacion.navarra.es\/web1\/wp-json\/wp\/v2\/types\/post"}],"author":[{"embeddable":true,"href":"https:\/\/consejoescolar.educacion.navarra.es\/web1\/wp-json\/wp\/v2\/users\/1"}],"replies":[{"embeddable":true,"href":"https:\/\/consejoescolar.educacion.navarra.es\/web1\/wp-json\/wp\/v2\/comments?post=20363"}],"version-history":[{"count":3,"href":"https:\/\/consejoescolar.educacion.navarra.es\/web1\/wp-json\/wp\/v2\/posts\/20363\/revisions"}],"predecessor-version":[{"id":26365,"href":"https:\/\/consejoescolar.educacion.navarra.es\/web1\/wp-json\/wp\/v2\/posts\/20363\/revisions\/26365"}],"wp:featuredmedia":[{"embeddable":true,"href":"https:\/\/consejoescolar.educacion.navarra.es\/web1\/wp-json\/wp\/v2\/media\/20419"}],"wp:attachment":[{"href":"https:\/\/consejoescolar.educacion.navarra.es\/web1\/wp-json\/wp\/v2\/media?parent=20363"}],"wp:term":[{"taxonomy":"category","embeddable":true,"href":"https:\/\/consejoescolar.educacion.navarra.es\/web1\/wp-json\/wp\/v2\/categories?post=20363"},{"taxonomy":"post_tag","embeddable":true,"href":"https:\/\/consejoescolar.educacion.navarra.es\/web1\/wp-json\/wp\/v2\/tags?post=20363"}],"curies":[{"name":"wp","href":"https:\/\/api.w.org\/{rel}","templated":true}]}}