{"id":19671,"date":"2024-09-11T08:47:02","date_gmt":"2024-09-11T06:47:02","guid":{"rendered":"https:\/\/consejoescolar.educacion.navarra.es\/web1\/?p=19671"},"modified":"2024-09-11T08:47:03","modified_gmt":"2024-09-11T06:47:03","slug":"coeducacion-en-los-patios","status":"publish","type":"post","link":"https:\/\/consejoescolar.educacion.navarra.es\/web1\/2024\/09\/11\/coeducacion-en-los-patios\/","title":{"rendered":"Coeducaci\u00f3n en los patios"},"content":{"rendered":"\n<p>El patio de la escuela suele ser considerado el primer espacio p\u00fablico de la infancia. Su configuraci\u00f3n y las relaciones que tienen lugar en \u00e9l constituyen un aprendizaje que se traspasa a otros espacios.<\/p>\n\n\n\n<!--more-->\n\n\n\n<div class=\"wp-block-image\"><figure class=\"aligncenter size-large is-resized\"><img loading=\"lazy\" src=\"https:\/\/consejoescolar.educacion.navarra.es\/web1\/wp-content\/uploads\/2020\/11\/patio-16.png\" alt=\"\" class=\"wp-image-19676\" width=\"693\" height=\"450\" srcset=\"https:\/\/consejoescolar.educacion.navarra.es\/web1\/wp-content\/uploads\/2020\/11\/patio-16.png 950w, https:\/\/consejoescolar.educacion.navarra.es\/web1\/wp-content\/uploads\/2020\/11\/patio-16-300x195.png 300w, https:\/\/consejoescolar.educacion.navarra.es\/web1\/wp-content\/uploads\/2020\/11\/patio-16-768x499.png 768w\" sizes=\"(max-width: 693px) 100vw, 693px\" \/><\/figure><\/div>\n\n\n\n<p>Debido a que el dise\u00f1o de los patios contribuye a mantener roles de g\u00e9nero estereotipados se propone una metodolog\u00eda para analizar y transformar los patios escolares con una mirada de igualdad.<\/p>\n\n\n\n<p>La diagnosis participativa permite fijar los objetivos de la transformaci\u00f3n del patio para dar respuesta a las necesidades reales identificadas colectivamente.<\/p>\n\n\n\n<p><a href=\"https:\/\/consejoescolar.educacion.navarra.es\/web1\/wp-content\/uploads\/2020\/11\/2410.pdf\">Aqu\u00ed <\/a>puedes consultar el art\u00edculo de la revista Aula.<\/p>\n","protected":false},"excerpt":{"rendered":"<p>El patio de la escuela suele ser considerado el primer espacio p\u00fablico de la infancia. Su configuraci\u00f3n y las relaciones que tienen lugar en \u00e9l constituyen un aprendizaje que se traspasa a otros espacios.<\/p>\n","protected":false},"author":1,"featured_media":19676,"comment_status":"closed","ping_status":"closed","sticky":false,"template":"","format":"standard","meta":{"_genesis_hide_title":false,"_genesis_hide_breadcrumbs":false,"_genesis_hide_singular_image":false,"_genesis_hide_footer_widgets":false,"_genesis_custom_body_class":"","_genesis_custom_post_class":"","_genesis_layout":"","jetpack_post_was_ever_published":false},"categories":[1],"tags":[],"jetpack_featured_media_url":"https:\/\/consejoescolar.educacion.navarra.es\/web1\/wp-content\/uploads\/2020\/11\/patio-16.png","_links":{"self":[{"href":"https:\/\/consejoescolar.educacion.navarra.es\/web1\/wp-json\/wp\/v2\/posts\/19671"}],"collection":[{"href":"https:\/\/consejoescolar.educacion.navarra.es\/web1\/wp-json\/wp\/v2\/posts"}],"about":[{"href":"https:\/\/consejoescolar.educacion.navarra.es\/web1\/wp-json\/wp\/v2\/types\/post"}],"author":[{"embeddable":true,"href":"https:\/\/consejoescolar.educacion.navarra.es\/web1\/wp-json\/wp\/v2\/users\/1"}],"replies":[{"embeddable":true,"href":"https:\/\/consejoescolar.educacion.navarra.es\/web1\/wp-json\/wp\/v2\/comments?post=19671"}],"version-history":[{"count":2,"href":"https:\/\/consejoescolar.educacion.navarra.es\/web1\/wp-json\/wp\/v2\/posts\/19671\/revisions"}],"predecessor-version":[{"id":32286,"href":"https:\/\/consejoescolar.educacion.navarra.es\/web1\/wp-json\/wp\/v2\/posts\/19671\/revisions\/32286"}],"wp:featuredmedia":[{"embeddable":true,"href":"https:\/\/consejoescolar.educacion.navarra.es\/web1\/wp-json\/wp\/v2\/media\/19676"}],"wp:attachment":[{"href":"https:\/\/consejoescolar.educacion.navarra.es\/web1\/wp-json\/wp\/v2\/media?parent=19671"}],"wp:term":[{"taxonomy":"category","embeddable":true,"href":"https:\/\/consejoescolar.educacion.navarra.es\/web1\/wp-json\/wp\/v2\/categories?post=19671"},{"taxonomy":"post_tag","embeddable":true,"href":"https:\/\/consejoescolar.educacion.navarra.es\/web1\/wp-json\/wp\/v2\/tags?post=19671"}],"curies":[{"name":"wp","href":"https:\/\/api.w.org\/{rel}","templated":true}]}}