{"id":19045,"date":"2023-05-19T10:25:52","date_gmt":"2023-05-19T08:25:52","guid":{"rendered":"https:\/\/consejoescolar.educacion.navarra.es\/web1\/?p=19045"},"modified":"2023-05-23T15:13:41","modified_gmt":"2023-05-23T13:13:41","slug":"transformacion-social","status":"publish","type":"post","link":"https:\/\/consejoescolar.educacion.navarra.es\/web1\/2023\/05\/19\/transformacion-social\/","title":{"rendered":"Transformaci\u00f3n social"},"content":{"rendered":"\n<p><em>Hilvanando culturas, confeccionando el futuro <\/em>es un proyecto de innovaci\u00f3n social que forma parte del proyecto global <em>Vive tu escuela. Atr\u00e9vete a cambiar<\/em> que nace para lograr la participaci\u00f3n de&nbsp; las familias en la vida el CEIP Ramiro Sol\u00e1ns.<\/p>\n\n\n\n<!--more-->\n\n\n\n<figure class=\"wp-block-image size-large\"><img loading=\"lazy\" width=\"1011\" height=\"584\" src=\"https:\/\/consejoescolar.educacion.navarra.es\/web1\/wp-content\/uploads\/2020\/07\/hilvana.png\" alt=\"\" class=\"wp-image-19046\" srcset=\"https:\/\/consejoescolar.educacion.navarra.es\/web1\/wp-content\/uploads\/2020\/07\/hilvana.png 1011w, https:\/\/consejoescolar.educacion.navarra.es\/web1\/wp-content\/uploads\/2020\/07\/hilvana-300x173.png 300w, https:\/\/consejoescolar.educacion.navarra.es\/web1\/wp-content\/uploads\/2020\/07\/hilvana-768x444.png 768w\" sizes=\"(max-width: 1011px) 100vw, 1011px\" \/><\/figure>\n\n\n\n<p>Los dos objetivos principales de este programa son: la convivencia intercultural basada en respeto a la diferencia y a la igualdad y el emprendimiento femenino mediante el empoderamiento personal y colectivo.<\/p>\n\n\n\n<p>Su fin \u00faltimo es generar un cambio personal que redunde en las familias y la comunidad mediante el desarrollo de capacidades, competencias y el fomento del aprendizaje.<\/p>\n\n\n\n<p><a href=\"https:\/\/consejoescolar.educacion.navarra.es\/web1\/wp-content\/uploads\/2023\/05\/2306.pdf\">Aqu\u00ed <\/a>puedes consultar el art\u00edculo publicado en n\u00ba 290 de la revista Aula.<\/p>\n","protected":false},"excerpt":{"rendered":"<p>Hilvanando culturas, confeccionando el futuro es un proyecto de innovaci\u00f3n social que forma parte del proyecto global Vive tu escuela. Atr\u00e9vete a cambiar que nace para lograr la participaci\u00f3n de&nbsp; las familias en la vida el CEIP Ramiro Sol\u00e1ns.<\/p>\n","protected":false},"author":1,"featured_media":19046,"comment_status":"closed","ping_status":"closed","sticky":false,"template":"","format":"standard","meta":{"_genesis_hide_title":false,"_genesis_hide_breadcrumbs":false,"_genesis_hide_singular_image":false,"_genesis_hide_footer_widgets":false,"_genesis_custom_body_class":"","_genesis_custom_post_class":"","_genesis_layout":"","jetpack_post_was_ever_published":false},"categories":[1],"tags":[],"jetpack_featured_media_url":"https:\/\/consejoescolar.educacion.navarra.es\/web1\/wp-content\/uploads\/2020\/07\/hilvana.png","_links":{"self":[{"href":"https:\/\/consejoescolar.educacion.navarra.es\/web1\/wp-json\/wp\/v2\/posts\/19045"}],"collection":[{"href":"https:\/\/consejoescolar.educacion.navarra.es\/web1\/wp-json\/wp\/v2\/posts"}],"about":[{"href":"https:\/\/consejoescolar.educacion.navarra.es\/web1\/wp-json\/wp\/v2\/types\/post"}],"author":[{"embeddable":true,"href":"https:\/\/consejoescolar.educacion.navarra.es\/web1\/wp-json\/wp\/v2\/users\/1"}],"replies":[{"embeddable":true,"href":"https:\/\/consejoescolar.educacion.navarra.es\/web1\/wp-json\/wp\/v2\/comments?post=19045"}],"version-history":[{"count":2,"href":"https:\/\/consejoescolar.educacion.navarra.es\/web1\/wp-json\/wp\/v2\/posts\/19045\/revisions"}],"predecessor-version":[{"id":29860,"href":"https:\/\/consejoescolar.educacion.navarra.es\/web1\/wp-json\/wp\/v2\/posts\/19045\/revisions\/29860"}],"wp:featuredmedia":[{"embeddable":true,"href":"https:\/\/consejoescolar.educacion.navarra.es\/web1\/wp-json\/wp\/v2\/media\/19046"}],"wp:attachment":[{"href":"https:\/\/consejoescolar.educacion.navarra.es\/web1\/wp-json\/wp\/v2\/media?parent=19045"}],"wp:term":[{"taxonomy":"category","embeddable":true,"href":"https:\/\/consejoescolar.educacion.navarra.es\/web1\/wp-json\/wp\/v2\/categories?post=19045"},{"taxonomy":"post_tag","embeddable":true,"href":"https:\/\/consejoescolar.educacion.navarra.es\/web1\/wp-json\/wp\/v2\/tags?post=19045"}],"curies":[{"name":"wp","href":"https:\/\/api.w.org\/{rel}","templated":true}]}}