{"id":15602,"date":"2019-04-05T11:14:33","date_gmt":"2019-04-05T09:14:33","guid":{"rendered":"http:\/\/consejoescolar.educacion.navarra.es\/web1\/?p=15602"},"modified":"2019-04-11T09:38:07","modified_gmt":"2019-04-11T07:38:07","slug":"datos-del-curso-escolar-2018-2019","status":"publish","type":"post","link":"https:\/\/consejoescolar.educacion.navarra.es\/web1\/2019\/04\/05\/datos-del-curso-escolar-2018-2019\/","title":{"rendered":"Datos del curso escolar 2018\/2019"},"content":{"rendered":"<p>El Ministerio de Educaci\u00f3n y Formaci\u00f3n Profesional ha publicado el informe de los datos relativos al curso escolar 2018\/2019.<\/p>\n<p><!--more--><\/p>\n<p><a href=\"http:\/\/consejoescolar.educacion.navarra.es\/web1\/wp-content\/uploads\/2019\/04\/2037.pdf\"><img loading=\"lazy\" class=\"aligncenter wp-image-15604\" src=\"http:\/\/consejoescolar.educacion.navarra.es\/web1\/wp-content\/uploads\/2019\/04\/datos-731x1024.jpg\" alt=\"\" width=\"309\" height=\"433\" srcset=\"https:\/\/consejoescolar.educacion.navarra.es\/web1\/wp-content\/uploads\/2019\/04\/datos-731x1024.jpg 731w, https:\/\/consejoescolar.educacion.navarra.es\/web1\/wp-content\/uploads\/2019\/04\/datos-214x300.jpg 214w, https:\/\/consejoescolar.educacion.navarra.es\/web1\/wp-content\/uploads\/2019\/04\/datos-768x1075.jpg 768w, https:\/\/consejoescolar.educacion.navarra.es\/web1\/wp-content\/uploads\/2019\/04\/datos.jpg 1772w\" sizes=\"(max-width: 309px) 100vw, 309px\" \/><\/a><\/p>\n<p>Esta publicaci\u00f3n ha sido elaborada por la Subdirecci\u00f3n de Estad\u00edstica y Estudios del Ministerio de Educaci\u00f3n y Formaci\u00f3n Profesional con el objeto de ofrecer los datos sobre las principales variables del sistema educativo: alumnado, centros y gasto.<\/p>\n<p>Se incluyen tambi\u00e9n otras informaciones estad\u00edsticas de la educaci\u00f3n, as\u00ed como datos relevantes de la comparativa europea.<\/p>\n<p>Clic <a href=\"http:\/\/consejoescolar.educacion.navarra.es\/web1\/wp-content\/uploads\/2019\/04\/2037.pdf\">aqu\u00ed<\/a> para consultar el informe.<\/p>\n\n\n<p><\/p>\n","protected":false},"excerpt":{"rendered":"<p>El Ministerio de Educaci\u00f3n y Formaci\u00f3n Profesional ha publicado el informe de los datos relativos al curso escolar 2018\/2019.<\/p>\n","protected":false},"author":1,"featured_media":0,"comment_status":"closed","ping_status":"closed","sticky":false,"template":"","format":"standard","meta":{"_genesis_hide_title":false,"_genesis_hide_breadcrumbs":false,"_genesis_hide_singular_image":false,"_genesis_hide_footer_widgets":false,"_genesis_custom_body_class":"","_genesis_custom_post_class":"","_genesis_layout":"","jetpack_post_was_ever_published":false},"categories":[1],"tags":[],"jetpack_featured_media_url":"","_links":{"self":[{"href":"https:\/\/consejoescolar.educacion.navarra.es\/web1\/wp-json\/wp\/v2\/posts\/15602"}],"collection":[{"href":"https:\/\/consejoescolar.educacion.navarra.es\/web1\/wp-json\/wp\/v2\/posts"}],"about":[{"href":"https:\/\/consejoescolar.educacion.navarra.es\/web1\/wp-json\/wp\/v2\/types\/post"}],"author":[{"embeddable":true,"href":"https:\/\/consejoescolar.educacion.navarra.es\/web1\/wp-json\/wp\/v2\/users\/1"}],"replies":[{"embeddable":true,"href":"https:\/\/consejoescolar.educacion.navarra.es\/web1\/wp-json\/wp\/v2\/comments?post=15602"}],"version-history":[{"count":4,"href":"https:\/\/consejoescolar.educacion.navarra.es\/web1\/wp-json\/wp\/v2\/posts\/15602\/revisions"}],"predecessor-version":[{"id":15620,"href":"https:\/\/consejoescolar.educacion.navarra.es\/web1\/wp-json\/wp\/v2\/posts\/15602\/revisions\/15620"}],"wp:attachment":[{"href":"https:\/\/consejoescolar.educacion.navarra.es\/web1\/wp-json\/wp\/v2\/media?parent=15602"}],"wp:term":[{"taxonomy":"category","embeddable":true,"href":"https:\/\/consejoescolar.educacion.navarra.es\/web1\/wp-json\/wp\/v2\/categories?post=15602"},{"taxonomy":"post_tag","embeddable":true,"href":"https:\/\/consejoescolar.educacion.navarra.es\/web1\/wp-json\/wp\/v2\/tags?post=15602"}],"curies":[{"name":"wp","href":"https:\/\/api.w.org\/{rel}","templated":true}]}}