{"id":13486,"date":"2018-09-17T11:53:32","date_gmt":"2018-09-17T09:53:32","guid":{"rendered":"http:\/\/consejoescolar.educacion.navarra.es\/web1\/?p=13486"},"modified":"2018-09-17T11:53:32","modified_gmt":"2018-09-17T09:53:32","slug":"intervenir-no-dirigir","status":"publish","type":"post","link":"https:\/\/consejoescolar.educacion.navarra.es\/web1\/2018\/09\/17\/intervenir-no-dirigir\/","title":{"rendered":"Intervenir, no dirigir"},"content":{"rendered":"<p>Una intervenci\u00f3n de una persona adulta en los procesos de aprendizaje de los ni\u00f1os y ni\u00f1as requiere una especial atenci\u00f3n a las oportunidades de aprendizaje sin adelantarse a sus ideas, participando mediante el di\u00e1logo para favorecer el intercambio comunicativo.<!--more--><\/p>\n<p><img loading=\"lazy\" class=\"aligncenter wp-image-13516\" src=\"http:\/\/consejoescolar.educacion.navarra.es\/web1\/wp-content\/uploads\/2018\/09\/rhone-702757-unsplash-300x200.jpg\" alt=\"\" width=\"432\" height=\"288\" srcset=\"https:\/\/consejoescolar.educacion.navarra.es\/web1\/wp-content\/uploads\/2018\/09\/rhone-702757-unsplash-300x200.jpg 300w, https:\/\/consejoescolar.educacion.navarra.es\/web1\/wp-content\/uploads\/2018\/09\/rhone-702757-unsplash-768x512.jpg 768w, https:\/\/consejoescolar.educacion.navarra.es\/web1\/wp-content\/uploads\/2018\/09\/rhone-702757-unsplash-1024x683.jpg 1024w\" sizes=\"(max-width: 432px) 100vw, 432px\" \/><\/p>\n<p>Si la intenci\u00f3n es hacer crecer personas aut\u00f3nomas un camino est\u00e9ril ser\u00e1 procurar que los ni\u00f1os y ni\u00f1as hagan aquello que las personas adultas deciden.<\/p>\n<p>Las intervenciones que se caracterizan por escuchar y dialogar consiguen respuestas activas en los ni\u00f1os y ni\u00f1as.<\/p>\n<p><em>Clic <a href=\"http:\/\/consejoescolar.educacion.navarra.es\/web1\/wp-content\/uploads\/2018\/09\/1827.pdf\">aqu\u00ed<\/a> para consultar el art\u00edculo publicado en la revista Aula de Infantil.<\/em><\/p>\n<p>&nbsp;<\/p>\n<p>&nbsp;<\/p>\n","protected":false},"excerpt":{"rendered":"<p>Una intervenci\u00f3n de una persona adulta en los procesos de aprendizaje de los ni\u00f1os y ni\u00f1as requiere una especial atenci\u00f3n a las oportunidades de aprendizaje sin adelantarse a sus ideas, participando mediante el di\u00e1logo para favorecer el intercambio comunicativo.<\/p>\n","protected":false},"author":1,"featured_media":13516,"comment_status":"closed","ping_status":"closed","sticky":false,"template":"","format":"standard","meta":{"_genesis_hide_title":false,"_genesis_hide_breadcrumbs":false,"_genesis_hide_singular_image":false,"_genesis_hide_footer_widgets":false,"_genesis_custom_body_class":"","_genesis_custom_post_class":"","_genesis_layout":"","jetpack_post_was_ever_published":false},"categories":[1],"tags":[],"jetpack_featured_media_url":"https:\/\/consejoescolar.educacion.navarra.es\/web1\/wp-content\/uploads\/2018\/09\/rhone-702757-unsplash.jpg","_links":{"self":[{"href":"https:\/\/consejoescolar.educacion.navarra.es\/web1\/wp-json\/wp\/v2\/posts\/13486"}],"collection":[{"href":"https:\/\/consejoescolar.educacion.navarra.es\/web1\/wp-json\/wp\/v2\/posts"}],"about":[{"href":"https:\/\/consejoescolar.educacion.navarra.es\/web1\/wp-json\/wp\/v2\/types\/post"}],"author":[{"embeddable":true,"href":"https:\/\/consejoescolar.educacion.navarra.es\/web1\/wp-json\/wp\/v2\/users\/1"}],"replies":[{"embeddable":true,"href":"https:\/\/consejoescolar.educacion.navarra.es\/web1\/wp-json\/wp\/v2\/comments?post=13486"}],"version-history":[{"count":9,"href":"https:\/\/consejoescolar.educacion.navarra.es\/web1\/wp-json\/wp\/v2\/posts\/13486\/revisions"}],"predecessor-version":[{"id":13521,"href":"https:\/\/consejoescolar.educacion.navarra.es\/web1\/wp-json\/wp\/v2\/posts\/13486\/revisions\/13521"}],"wp:featuredmedia":[{"embeddable":true,"href":"https:\/\/consejoescolar.educacion.navarra.es\/web1\/wp-json\/wp\/v2\/media\/13516"}],"wp:attachment":[{"href":"https:\/\/consejoescolar.educacion.navarra.es\/web1\/wp-json\/wp\/v2\/media?parent=13486"}],"wp:term":[{"taxonomy":"category","embeddable":true,"href":"https:\/\/consejoescolar.educacion.navarra.es\/web1\/wp-json\/wp\/v2\/categories?post=13486"},{"taxonomy":"post_tag","embeddable":true,"href":"https:\/\/consejoescolar.educacion.navarra.es\/web1\/wp-json\/wp\/v2\/tags?post=13486"}],"curies":[{"name":"wp","href":"https:\/\/api.w.org\/{rel}","templated":true}]}}