{"id":13173,"date":"2018-09-04T08:42:40","date_gmt":"2018-09-04T06:42:40","guid":{"rendered":"http:\/\/consejoescolar.educacion.navarra.es\/web1\/?p=13173"},"modified":"2019-04-11T09:44:52","modified_gmt":"2019-04-11T07:44:52","slug":"desarrollo-de-la-poblacion-gitana","status":"publish","type":"post","link":"https:\/\/consejoescolar.educacion.navarra.es\/web1\/2018\/09\/04\/desarrollo-de-la-poblacion-gitana\/","title":{"rendered":"Desarrollo de la poblaci\u00f3n gitana"},"content":{"rendered":"<p>La <a href=\"http:\/\/consejoescolar.educacion.navarra.es\/web1\/wp-content\/uploads\/2018\/09\/1823.pdf\">Estrategia para el Desarrollo de la Poblaci\u00f3n Gitana en Navarra 2018-2020<\/a> es un documento que tiene como objetivos mejorar la inserci\u00f3n social de la poblaci\u00f3n gitana en Navarra y disminuir las desigualdades que afectan a esta poblaci\u00f3n en materias como salud, educaci\u00f3n y vivienda.<\/p>\n<p><!--more--><\/p>\n<p><img loading=\"lazy\" class=\"aligncenter wp-image-13175\" src=\"http:\/\/consejoescolar.educacion.navarra.es\/web1\/wp-content\/uploads\/2018\/09\/Estrategiagitana_b-300x168.jpg\" alt=\"\" width=\"396\" height=\"222\" srcset=\"https:\/\/consejoescolar.educacion.navarra.es\/web1\/wp-content\/uploads\/2018\/09\/Estrategiagitana_b-300x168.jpg 300w, https:\/\/consejoescolar.educacion.navarra.es\/web1\/wp-content\/uploads\/2018\/09\/Estrategiagitana_b-768x431.jpg 768w, https:\/\/consejoescolar.educacion.navarra.es\/web1\/wp-content\/uploads\/2018\/09\/Estrategiagitana_b-1024x575.jpg 1024w\" sizes=\"(max-width: 396px) 100vw, 396px\" \/><\/p>\n<p>Esta estrategia tambi\u00e9n presta especial atenci\u00f3n a la juventud y a las mujeres gitanas desde la igualdad de trato y la no discriminaci\u00f3n.<\/p>\n<p>Entre las medidas que contempla el plan, que tiene una vigencia de cuatro a\u00f1os,\u00a0 destaca la creaci\u00f3n del Consejo Navarro del Pueblo Gitano que ser\u00eda un consejo de car\u00e1cter consultivo que se encargar\u00eda de realizar el seguimiento de esta estrategia.<\/p>\n<p><em>Clic <a href=\"http:\/\/consejoescolar.educacion.navarra.es\/web1\/wp-content\/uploads\/2018\/09\/1817.pdf\">aqu\u00ed<\/a> para consultar la noticia publicada en el Diario de Navarra y <a href=\"http:\/\/consejoescolar.educacion.navarra.es\/web1\/wp-content\/uploads\/2018\/09\/1818.pdf\">aqu\u00ed<\/a> en el Diario de Noticias.<\/em><\/p>\n<p><em><a href=\"http:\/\/consejoescolar.educacion.navarra.es\/web1\/wp-content\/uploads\/2018\/09\/1821.pdf\">Aqu\u00ed<\/a> puedes consultarla en la web del Gobierno de Navarra.<\/em><\/p>\n","protected":false},"excerpt":{"rendered":"<p>La Estrategia para el Desarrollo de la Poblaci\u00f3n Gitana en Navarra 2018-2020 es un documento que tiene como objetivos mejorar la inserci\u00f3n social de la poblaci\u00f3n gitana en Navarra y disminuir las desigualdades que afectan a esta poblaci\u00f3n en materias como salud, educaci\u00f3n y vivienda.<\/p>\n","protected":false},"author":1,"featured_media":0,"comment_status":"closed","ping_status":"closed","sticky":false,"template":"","format":"standard","meta":{"_genesis_hide_title":false,"_genesis_hide_breadcrumbs":false,"_genesis_hide_singular_image":false,"_genesis_hide_footer_widgets":false,"_genesis_custom_body_class":"","_genesis_custom_post_class":"","_genesis_layout":"","jetpack_post_was_ever_published":false},"categories":[1],"tags":[],"jetpack_featured_media_url":"","_links":{"self":[{"href":"https:\/\/consejoescolar.educacion.navarra.es\/web1\/wp-json\/wp\/v2\/posts\/13173"}],"collection":[{"href":"https:\/\/consejoescolar.educacion.navarra.es\/web1\/wp-json\/wp\/v2\/posts"}],"about":[{"href":"https:\/\/consejoescolar.educacion.navarra.es\/web1\/wp-json\/wp\/v2\/types\/post"}],"author":[{"embeddable":true,"href":"https:\/\/consejoescolar.educacion.navarra.es\/web1\/wp-json\/wp\/v2\/users\/1"}],"replies":[{"embeddable":true,"href":"https:\/\/consejoescolar.educacion.navarra.es\/web1\/wp-json\/wp\/v2\/comments?post=13173"}],"version-history":[{"count":5,"href":"https:\/\/consejoescolar.educacion.navarra.es\/web1\/wp-json\/wp\/v2\/posts\/13173\/revisions"}],"predecessor-version":[{"id":13202,"href":"https:\/\/consejoescolar.educacion.navarra.es\/web1\/wp-json\/wp\/v2\/posts\/13173\/revisions\/13202"}],"wp:attachment":[{"href":"https:\/\/consejoescolar.educacion.navarra.es\/web1\/wp-json\/wp\/v2\/media?parent=13173"}],"wp:term":[{"taxonomy":"category","embeddable":true,"href":"https:\/\/consejoescolar.educacion.navarra.es\/web1\/wp-json\/wp\/v2\/categories?post=13173"},{"taxonomy":"post_tag","embeddable":true,"href":"https:\/\/consejoescolar.educacion.navarra.es\/web1\/wp-json\/wp\/v2\/tags?post=13173"}],"curies":[{"name":"wp","href":"https:\/\/api.w.org\/{rel}","templated":true}]}}