{"id":11785,"date":"2018-05-07T14:11:02","date_gmt":"2018-05-07T12:11:02","guid":{"rendered":"http:\/\/consejoescolar.educacion.navarra.es\/web1\/?p=11785"},"modified":"2018-05-18T10:55:03","modified_gmt":"2018-05-18T08:55:03","slug":"leitza-paso-a-paso-2","status":"publish","type":"post","link":"https:\/\/consejoescolar.educacion.navarra.es\/web1\/2018\/05\/07\/leitza-paso-a-paso-2\/","title":{"rendered":"Leitza paso a paso"},"content":{"rendered":"<p style=\"text-align: left;\">Alumnos y alumnas del Instituto Amazabal de Leitza presentaron el 4 de mayo en el Ayuntamiento de Leitza el trabajo realizado durante los \u00faltimos dos cursos dentro del <a href=\"https:\/\/www.youtube.com\/watch?v=n0Tg1eLBdB4\" target=\"_blank\" rel=\"noopener\">proyecto Leitza urratsez urrats &#8211; Leitza paso a paso<\/a><em>. <\/em>Se trata de una campa\u00f1a de concienciaci\u00f3n para mejorar la accesibilidad en Leitza. <!--more--><\/p>\n<div id='gallery-1' class='gallery galleryid-11785 gallery-columns-3 gallery-size-thumbnail'><figure class='gallery-item'>\n\t\t\t<div class='gallery-icon landscape'>\n\t\t\t\t<a href='https:\/\/consejoescolar.educacion.navarra.es\/web1\/wp-content\/uploads\/2018\/05\/leitza3.jpg'><img width=\"150\" height=\"150\" src=\"https:\/\/consejoescolar.educacion.navarra.es\/web1\/wp-content\/uploads\/2018\/05\/leitza3-150x150.jpg\" class=\"attachment-thumbnail size-thumbnail\" alt=\"\" loading=\"lazy\" \/><\/a>\n\t\t\t<\/div><\/figure><figure class='gallery-item'>\n\t\t\t<div class='gallery-icon landscape'>\n\t\t\t\t<a href='https:\/\/consejoescolar.educacion.navarra.es\/web1\/wp-content\/uploads\/2018\/05\/leitza-2.jpg'><img width=\"150\" height=\"150\" src=\"https:\/\/consejoescolar.educacion.navarra.es\/web1\/wp-content\/uploads\/2018\/05\/leitza-2-150x150.jpg\" class=\"attachment-thumbnail size-thumbnail\" alt=\"\" loading=\"lazy\" \/><\/a>\n\t\t\t<\/div><\/figure><figure class='gallery-item'>\n\t\t\t<div class='gallery-icon landscape'>\n\t\t\t\t<a href='https:\/\/consejoescolar.educacion.navarra.es\/web1\/wp-content\/uploads\/2018\/05\/leitza6.jpg'><img width=\"150\" height=\"150\" src=\"https:\/\/consejoescolar.educacion.navarra.es\/web1\/wp-content\/uploads\/2018\/05\/leitza6-150x150.jpg\" class=\"attachment-thumbnail size-thumbnail\" alt=\"\" loading=\"lazy\" \/><\/a>\n\t\t\t<\/div><\/figure><figure class='gallery-item'>\n\t\t\t<div class='gallery-icon landscape'>\n\t\t\t\t<a href='https:\/\/consejoescolar.educacion.navarra.es\/web1\/wp-content\/uploads\/2018\/05\/leitza5.jpg'><img width=\"150\" height=\"150\" src=\"https:\/\/consejoescolar.educacion.navarra.es\/web1\/wp-content\/uploads\/2018\/05\/leitza5-150x150.jpg\" class=\"attachment-thumbnail size-thumbnail\" alt=\"\" loading=\"lazy\" \/><\/a>\n\t\t\t<\/div><\/figure><figure class='gallery-item'>\n\t\t\t<div class='gallery-icon landscape'>\n\t\t\t\t<a href='https:\/\/consejoescolar.educacion.navarra.es\/web1\/wp-content\/uploads\/2018\/05\/leitza1.jpg'><img width=\"150\" height=\"150\" src=\"https:\/\/consejoescolar.educacion.navarra.es\/web1\/wp-content\/uploads\/2018\/05\/leitza1-150x150.jpg\" class=\"attachment-thumbnail size-thumbnail\" alt=\"\" loading=\"lazy\" \/><\/a>\n\t\t\t<\/div><\/figure><figure class='gallery-item'>\n\t\t\t<div class='gallery-icon portrait'>\n\t\t\t\t<a href='https:\/\/consejoescolar.educacion.navarra.es\/web1\/wp-content\/uploads\/2018\/05\/leitza4.jpeg'><img width=\"150\" height=\"150\" src=\"https:\/\/consejoescolar.educacion.navarra.es\/web1\/wp-content\/uploads\/2018\/05\/leitza4-150x150.jpeg\" class=\"attachment-thumbnail size-thumbnail\" alt=\"\" loading=\"lazy\" \/><\/a>\n\t\t\t<\/div><\/figure>\n\t\t<\/div>\n\n<p>El curso pasado, paseando por el pueblo, detectaron la existencia de barreras arquitect\u00f3nicas, coches aparcados en lugares no adecuados, velocidad excesiva, etc. Ante estos problemas de accesibilidad, decidieron realizar un estudio m\u00e1s exhaustivo y presentarlo al ayuntamiento para que tomara las medidas oportunas.<\/p>\n<p>Por otro lado, consideraron necesario llevar a cabo una campa\u00f1a de concienciaci\u00f3n dirigida a los y las habitantes del pueblo. As\u00ed, pas\u00f3 de ser un proyecto de clase a un proyecto de centro, al que m\u00e1s tarde tambi\u00e9n se incorporar\u00eda el colegio Erleta.<\/p>\n<p style=\"text-align: left;\">Para difundir la informaci\u00f3n han colocado carteles, repartido d\u00edpticos, preparado una <a href=\"https:\/\/docs.google.com\/file\/d\/0B1Y8llAHr4k6Q1dhVW92YXNVdlU\/view\" target=\"_blank\" rel=\"noopener\">canci\u00f3n y un v\u00eddeo<\/a>, han organizado kalejiras populares y juegos relacionados con la movilidad. Tambi\u00e9n han realizado un documental que recoge testimonios de vecinos y vecinas de Leitza sobre los problemas de accesibilidad y la movilidad en el pueblo.<\/p>\n<p style=\"text-align: center;\"><iframe loading=\"lazy\" width=\"500\" height=\"281\" src=\"https:\/\/www.youtube.com\/embed\/F3zdw8Rtld4?feature=oembed\" frameborder=\"0\" allow=\"autoplay; encrypted-media\" allowfullscreen><\/iframe><\/p>\n<p><em>Aqu\u00ed puedes ver el<a href=\"http:\/\/consejoescolar.educacion.navarra.es\/web1\/wp-content\/uploads\/2018\/05\/Kartela-urratsez-urrats-martxoa.pdf\" target=\"_blank\" rel=\"noopener\"> cartel<\/a> de la kalejira de marzo y la <a href=\"http:\/\/consejoescolar.educacion.navarra.es\/web1\/wp-content\/uploads\/2018\/05\/Amazabal-BHI-urratsez-urrats.pdf\" target=\"_blank\" rel=\"noopener\">nota informativa<\/a> del centro. <\/em><em><a href=\"http:\/\/consejoescolar.educacion.navarra.es\/web1\/wp-content\/uploads\/2018\/05\/1543.pdf\" target=\"_blank\" rel=\"noopener\">Clic aqu\u00ed<\/a> y <a href=\"http:\/\/consejoescolar.educacion.navarra.es\/web1\/wp-content\/uploads\/2018\/05\/1620.pdf\" target=\"_blank\" rel=\"noopener\">aqu\u00ed<\/a> para ver las noticias publicadas en prensa. <\/em><em>Aqu\u00ed el d\u00edptico informativo para peatones en <a href=\"http:\/\/consejoescolar.educacion.navarra.es\/web1\/wp-content\/uploads\/2018\/05\/Euskara-eskuorria-urratsez-urrats.pdf\" target=\"_blank\" rel=\"noopener\">euskera<\/a> y en <a href=\"http:\/\/consejoescolar.educacion.navarra.es\/web1\/wp-content\/uploads\/2018\/05\/FRANC\u0327AIS-eskuorria-urratsez-urrats.pdf\" target=\"_blank\" rel=\"noopener\">franc\u00e9s<\/a>. <\/em><\/p>\n","protected":false},"excerpt":{"rendered":"<p>Alumnos y alumnas del Instituto Amazabal de Leitza presentaron el 4 de mayo en el Ayuntamiento de Leitza el trabajo realizado durante los \u00faltimos dos cursos dentro del proyecto Leitza urratsez urrats &#8211; Leitza paso a paso. Se trata de una campa\u00f1a de concienciaci\u00f3n para mejorar la accesibilidad en Leitza.<\/p>\n","protected":false},"author":1,"featured_media":11805,"comment_status":"closed","ping_status":"closed","sticky":false,"template":"","format":"standard","meta":{"_genesis_hide_title":false,"_genesis_hide_breadcrumbs":false,"_genesis_hide_singular_image":false,"_genesis_hide_footer_widgets":false,"_genesis_custom_body_class":"","_genesis_custom_post_class":"","_genesis_layout":"","jetpack_post_was_ever_published":false},"categories":[1],"tags":[],"jetpack_featured_media_url":"https:\/\/consejoescolar.educacion.navarra.es\/web1\/wp-content\/uploads\/2018\/05\/leitza-e1525695635415.jpg","_links":{"self":[{"href":"https:\/\/consejoescolar.educacion.navarra.es\/web1\/wp-json\/wp\/v2\/posts\/11785"}],"collection":[{"href":"https:\/\/consejoescolar.educacion.navarra.es\/web1\/wp-json\/wp\/v2\/posts"}],"about":[{"href":"https:\/\/consejoescolar.educacion.navarra.es\/web1\/wp-json\/wp\/v2\/types\/post"}],"author":[{"embeddable":true,"href":"https:\/\/consejoescolar.educacion.navarra.es\/web1\/wp-json\/wp\/v2\/users\/1"}],"replies":[{"embeddable":true,"href":"https:\/\/consejoescolar.educacion.navarra.es\/web1\/wp-json\/wp\/v2\/comments?post=11785"}],"version-history":[{"count":15,"href":"https:\/\/consejoescolar.educacion.navarra.es\/web1\/wp-json\/wp\/v2\/posts\/11785\/revisions"}],"predecessor-version":[{"id":12118,"href":"https:\/\/consejoescolar.educacion.navarra.es\/web1\/wp-json\/wp\/v2\/posts\/11785\/revisions\/12118"}],"wp:featuredmedia":[{"embeddable":true,"href":"https:\/\/consejoescolar.educacion.navarra.es\/web1\/wp-json\/wp\/v2\/media\/11805"}],"wp:attachment":[{"href":"https:\/\/consejoescolar.educacion.navarra.es\/web1\/wp-json\/wp\/v2\/media?parent=11785"}],"wp:term":[{"taxonomy":"category","embeddable":true,"href":"https:\/\/consejoescolar.educacion.navarra.es\/web1\/wp-json\/wp\/v2\/categories?post=11785"},{"taxonomy":"post_tag","embeddable":true,"href":"https:\/\/consejoescolar.educacion.navarra.es\/web1\/wp-json\/wp\/v2\/tags?post=11785"}],"curies":[{"name":"wp","href":"https:\/\/api.w.org\/{rel}","templated":true}]}}