{"id":11460,"date":"2018-04-20T14:18:08","date_gmt":"2018-04-20T12:18:08","guid":{"rendered":"http:\/\/consejoescolar.educacion.navarra.es\/web1\/?p=11460"},"modified":"2018-04-20T14:18:08","modified_gmt":"2018-04-20T12:18:08","slug":"los-espacios-escolares-en-radio-euskadi","status":"publish","type":"post","link":"https:\/\/consejoescolar.educacion.navarra.es\/web1\/2018\/04\/20\/los-espacios-escolares-en-radio-euskadi\/","title":{"rendered":"Los espacios escolares en Radio Euskadi"},"content":{"rendered":"<p>El Presidente del Consejo Escolar de Navarra, Aitor Etxarte, ha explicado en Radio Euskadi, la importancia que tienen los patios escolares y los espacios interiores de los centros educativos y c\u00f3mo est\u00e1n tendiendo a ser m\u00e1s di\u00e1fanos y multifuncionales para trabajar en grupo de manera cooperativa, compartiendo proyectos y espacios. En definitiva, espacios m\u00e1s inclusivos para un sistema educativo m\u00e1s equitativo.<\/p>\n<p><!--more--><\/p>\n<p><a href=\"http:\/\/consejoescolar.educacion.navarra.es\/web1\/wp-content\/uploads\/2018\/04\/20180419141342_en-escuela-erreniaga-zizur-mayor-han-iniciado-transformacion-patio_foto610x342.jpg\"><img loading=\"lazy\" class=\"aligncenter wp-image-11484\" src=\"http:\/\/consejoescolar.educacion.navarra.es\/web1\/wp-content\/uploads\/2018\/04\/20180419141342_en-escuela-erreniaga-zizur-mayor-han-iniciado-transformacion-patio_foto610x342.jpg\" alt=\"\" width=\"433\" height=\"243\" srcset=\"https:\/\/consejoescolar.educacion.navarra.es\/web1\/wp-content\/uploads\/2018\/04\/20180419141342_en-escuela-erreniaga-zizur-mayor-han-iniciado-transformacion-patio_foto610x342.jpg 610w, https:\/\/consejoescolar.educacion.navarra.es\/web1\/wp-content\/uploads\/2018\/04\/20180419141342_en-escuela-erreniaga-zizur-mayor-han-iniciado-transformacion-patio_foto610x342-300x168.jpg 300w\" sizes=\"(max-width: 433px) 100vw, 433px\" \/><\/a><\/p>\n<p>Los Colegios P\u00fablicos Bernart Etxepare y Mendigoti han presentado el proceso de transformaci\u00f3n que han iniciado en los patios de sus centros educativos.<\/p>\n<p><em>Clic <a href=\"http:\/\/www.eitb.eus\/es\/radio\/radio-euskadi\/programas\/reportajes\/detalle\/5538483\/como-seran-patios-escolares-futuro-inclusivos-plurales-verdes\/\" target=\"_blank\" rel=\"noopener\">aqu\u00ed<\/a> para poder escuchar la sesi\u00f3n de radio.<\/em><\/p>\n","protected":false},"excerpt":{"rendered":"<p>El Presidente del Consejo Escolar de Navarra, Aitor Etxarte, ha explicado en Radio Euskadi, la importancia que tienen los patios escolares y los espacios interiores de los centros educativos y c\u00f3mo est\u00e1n tendiendo a ser m\u00e1s di\u00e1fanos y multifuncionales para trabajar en grupo de manera cooperativa, compartiendo proyectos y espacios. En definitiva, espacios m\u00e1s inclusivos [&hellip;]<\/p>\n","protected":false},"author":1,"featured_media":0,"comment_status":"closed","ping_status":"closed","sticky":false,"template":"","format":"standard","meta":{"_genesis_hide_title":false,"_genesis_hide_breadcrumbs":false,"_genesis_hide_singular_image":false,"_genesis_hide_footer_widgets":false,"_genesis_custom_body_class":"","_genesis_custom_post_class":"","_genesis_layout":"","jetpack_post_was_ever_published":false},"categories":[1],"tags":[],"jetpack_featured_media_url":"","_links":{"self":[{"href":"https:\/\/consejoescolar.educacion.navarra.es\/web1\/wp-json\/wp\/v2\/posts\/11460"}],"collection":[{"href":"https:\/\/consejoescolar.educacion.navarra.es\/web1\/wp-json\/wp\/v2\/posts"}],"about":[{"href":"https:\/\/consejoescolar.educacion.navarra.es\/web1\/wp-json\/wp\/v2\/types\/post"}],"author":[{"embeddable":true,"href":"https:\/\/consejoescolar.educacion.navarra.es\/web1\/wp-json\/wp\/v2\/users\/1"}],"replies":[{"embeddable":true,"href":"https:\/\/consejoescolar.educacion.navarra.es\/web1\/wp-json\/wp\/v2\/comments?post=11460"}],"version-history":[{"count":7,"href":"https:\/\/consejoescolar.educacion.navarra.es\/web1\/wp-json\/wp\/v2\/posts\/11460\/revisions"}],"predecessor-version":[{"id":11495,"href":"https:\/\/consejoescolar.educacion.navarra.es\/web1\/wp-json\/wp\/v2\/posts\/11460\/revisions\/11495"}],"wp:attachment":[{"href":"https:\/\/consejoescolar.educacion.navarra.es\/web1\/wp-json\/wp\/v2\/media?parent=11460"}],"wp:term":[{"taxonomy":"category","embeddable":true,"href":"https:\/\/consejoescolar.educacion.navarra.es\/web1\/wp-json\/wp\/v2\/categories?post=11460"},{"taxonomy":"post_tag","embeddable":true,"href":"https:\/\/consejoescolar.educacion.navarra.es\/web1\/wp-json\/wp\/v2\/tags?post=11460"}],"curies":[{"name":"wp","href":"https:\/\/api.w.org\/{rel}","templated":true}]}}