{"id":11246,"date":"2018-04-05T10:35:48","date_gmt":"2018-04-05T08:35:48","guid":{"rendered":"http:\/\/consejoescolar.educacion.navarra.es\/web1\/?p=11246"},"modified":"2018-04-05T10:36:43","modified_gmt":"2018-04-05T08:36:43","slug":"europass-mobility","status":"publish","type":"post","link":"https:\/\/consejoescolar.educacion.navarra.es\/web1\/2018\/04\/05\/europass-mobility\/","title":{"rendered":"Europass mobility"},"content":{"rendered":"<p>Cerca de 50 alumnos de <a href=\"https:\/\/eti-paginaweb.blogspot.com.es\/2018\/04\/alumnado-del-cip-eti-en-erasmus.html\" target=\"_blank\" rel=\"noopener\">CIP Tudela ETI<\/a> har\u00e1n pr\u00e1cticas en firmas europeas. Van a participar en el programa Erasmus+ en pa\u00edses como Reino Unido, Italia, Irlanda, Malta o Portugal.<\/p>\n<p><!--more--><a href=\"http:\/\/consejoescolar.educacion.navarra.es\/web1\/wp-content\/uploads\/2018\/04\/europass-mobility.jpg\"><img loading=\"lazy\" class=\"aligncenter size-large wp-image-11247\" src=\"http:\/\/consejoescolar.educacion.navarra.es\/web1\/wp-content\/uploads\/2018\/04\/europass-mobility-1024x683.jpg\" alt=\"\" width=\"1024\" height=\"683\" srcset=\"https:\/\/consejoescolar.educacion.navarra.es\/web1\/wp-content\/uploads\/2018\/04\/europass-mobility-1024x683.jpg 1024w, https:\/\/consejoescolar.educacion.navarra.es\/web1\/wp-content\/uploads\/2018\/04\/europass-mobility-300x200.jpg 300w, https:\/\/consejoescolar.educacion.navarra.es\/web1\/wp-content\/uploads\/2018\/04\/europass-mobility-768x512.jpg 768w\" sizes=\"(max-width: 1024px) 100vw, 1024px\" \/><\/a><u><\/u><\/p>\n<p>La labor que realizar\u00e1n en las distintas empresas, en las que se integrar\u00e1n durante su estancia, servir\u00e1 para completar su Formaci\u00f3n en Centro de Trabajo, requisito indispensable para poder obtener\u00a0el t\u00edtulo de graduado. Aquellos que lo superen con \u00e9xito recibir\u00e1n el Europass Mobility,\u00a0 t\u00edtulo acreditativo de su participaci\u00f3n en el programa Erasmus+.<\/p>\n<p><em>Si te interesa la noticia puedes leer <a href=\"http:\/\/consejoescolar.educacion.navarra.es\/web1\/wp-content\/uploads\/2018\/04\/1546.pdf\" target=\"_blank\" rel=\"noopener\">aqu\u00ed<\/a> lo publicado en prensa. <a href=\"http:\/\/consejoescolar.educacion.navarra.es\/web1\/wp-content\/uploads\/2018\/04\/Rueda-de-prensa.pdf\" target=\"_blank\" rel=\"noopener\">Aqu\u00ed<\/a> la nota de prensa.<\/em><\/p>\n","protected":false},"excerpt":{"rendered":"<p>Cerca de 50 alumnos de CIP Tudela ETI har\u00e1n pr\u00e1cticas en firmas europeas. Van a participar en el programa Erasmus+ en pa\u00edses como Reino Unido, Italia, Irlanda, Malta o Portugal.<\/p>\n","protected":false},"author":1,"featured_media":11247,"comment_status":"closed","ping_status":"closed","sticky":false,"template":"","format":"standard","meta":{"_genesis_hide_title":false,"_genesis_hide_breadcrumbs":false,"_genesis_hide_singular_image":false,"_genesis_hide_footer_widgets":false,"_genesis_custom_body_class":"","_genesis_custom_post_class":"","_genesis_layout":"","jetpack_post_was_ever_published":false},"categories":[1],"tags":[],"jetpack_featured_media_url":"https:\/\/consejoescolar.educacion.navarra.es\/web1\/wp-content\/uploads\/2018\/04\/europass-mobility.jpg","_links":{"self":[{"href":"https:\/\/consejoescolar.educacion.navarra.es\/web1\/wp-json\/wp\/v2\/posts\/11246"}],"collection":[{"href":"https:\/\/consejoescolar.educacion.navarra.es\/web1\/wp-json\/wp\/v2\/posts"}],"about":[{"href":"https:\/\/consejoescolar.educacion.navarra.es\/web1\/wp-json\/wp\/v2\/types\/post"}],"author":[{"embeddable":true,"href":"https:\/\/consejoescolar.educacion.navarra.es\/web1\/wp-json\/wp\/v2\/users\/1"}],"replies":[{"embeddable":true,"href":"https:\/\/consejoescolar.educacion.navarra.es\/web1\/wp-json\/wp\/v2\/comments?post=11246"}],"version-history":[{"count":10,"href":"https:\/\/consejoescolar.educacion.navarra.es\/web1\/wp-json\/wp\/v2\/posts\/11246\/revisions"}],"predecessor-version":[{"id":11298,"href":"https:\/\/consejoescolar.educacion.navarra.es\/web1\/wp-json\/wp\/v2\/posts\/11246\/revisions\/11298"}],"wp:featuredmedia":[{"embeddable":true,"href":"https:\/\/consejoescolar.educacion.navarra.es\/web1\/wp-json\/wp\/v2\/media\/11247"}],"wp:attachment":[{"href":"https:\/\/consejoescolar.educacion.navarra.es\/web1\/wp-json\/wp\/v2\/media?parent=11246"}],"wp:term":[{"taxonomy":"category","embeddable":true,"href":"https:\/\/consejoescolar.educacion.navarra.es\/web1\/wp-json\/wp\/v2\/categories?post=11246"},{"taxonomy":"post_tag","embeddable":true,"href":"https:\/\/consejoescolar.educacion.navarra.es\/web1\/wp-json\/wp\/v2\/tags?post=11246"}],"curies":[{"name":"wp","href":"https:\/\/api.w.org\/{rel}","templated":true}]}}