{"id":10680,"date":"2018-04-10T08:00:29","date_gmt":"2018-04-10T06:00:29","guid":{"rendered":"http:\/\/consejoescolar.educacion.navarra.es\/web1\/?p=10680"},"modified":"2018-04-24T08:45:54","modified_gmt":"2018-04-24T06:45:54","slug":"jornadas-para-impulsar-el-multilinguismo","status":"publish","type":"post","link":"https:\/\/consejoescolar.educacion.navarra.es\/web1\/2018\/04\/10\/jornadas-para-impulsar-el-multilinguismo\/","title":{"rendered":"Jornadas para impulsar el multiling\u00fcismo"},"content":{"rendered":"<p>&nbsp;<\/p>\n<p>El 21 de abril se llevar\u00e1 a cabo en el Planetario de Pamplona la segunda jornada sobre multiling\u00fcismo <a href=\"https:\/\/sites.google.com\/educacion.navarra.es\/jardunaldiaapirilaren21eanirue\/orri-nagusia\" target=\"_blank\" rel=\"noopener\"><em>Nuestras lenguas, otras lenguas<\/em><\/a> organizada por el Departamento de Educaci\u00f3n.<\/p>\n<p>Contar\u00e1 con la participaci\u00f3n de catedr\u00e1ticos y ling\u00fcistas expertos en multiling\u00fcismo.<\/p>\n<p><!--more--><\/p>\n<p><img loading=\"lazy\" class=\"aligncenter wp-image-10681\" src=\"http:\/\/consejoescolar.educacion.navarra.es\/web1\/wp-content\/uploads\/2018\/02\/Jornadamultilingue_b.jpg\" alt=\"\" width=\"500\" height=\"281\" srcset=\"https:\/\/consejoescolar.educacion.navarra.es\/web1\/wp-content\/uploads\/2018\/02\/Jornadamultilingue_b.jpg 1920w, https:\/\/consejoescolar.educacion.navarra.es\/web1\/wp-content\/uploads\/2018\/02\/Jornadamultilingue_b-300x169.jpg 300w, https:\/\/consejoescolar.educacion.navarra.es\/web1\/wp-content\/uploads\/2018\/02\/Jornadamultilingue_b-768x432.jpg 768w, https:\/\/consejoescolar.educacion.navarra.es\/web1\/wp-content\/uploads\/2018\/02\/Jornadamultilingue_b-1024x576.jpg 1024w\" sizes=\"(max-width: 500px) 100vw, 500px\" \/><\/p>\n<p>La primera sesi\u00f3n titulada <a href=\"https:\/\/sites.google.com\/educacion.navarra.es\/jornada-til-2018\/p%C3%A1gina-principal\" target=\"_blank\" rel=\"noopener\"><em>Lenguas en inter-acci\u00f3n<\/em><\/a> fue el 3 de marzo. El objetivo era sentar las bases de un nuevo sistema de ense\u00f1anza y aprendizaje de idiomas basado en el tratamiento integrado de las lenguas.<\/p>\n<p>M\u00e1s informaci\u00f3n sobre las jornadas:<\/p>\n<p>S\u00e1bado 21 de abril:\u00a0 <a href=\"https:\/\/sites.google.com\/educacion.navarra.es\/jardunaldiaapirilaren21eanirue\/orri-nagusia\" target=\"_blank\" rel=\"noopener\">Multiling\u00fcismo. Nuestras lenguas, otras lenguas<\/a>.<\/p>\n<p><em>Clic <a href=\"http:\/\/consejoescolar.educacion.navarra.es\/web1\/wp-content\/uploads\/2018\/02\/1557.pdf\" target=\"_blank\" rel=\"noopener\">aqu\u00ed <\/a>\u00a0y <a href=\"http:\/\/consejoescolar.educacion.navarra.es\/web1\/wp-content\/uploads\/2018\/02\/1486.pdf\" target=\"_blank\" rel=\"noopener\">aqu\u00ed<\/a> para leer las notas de prensa del Gobierno de Navarra.<br \/>\n<\/em><\/p>\n<p><em>Clic <a href=\"http:\/\/consejoescolar.educacion.navarra.es\/web1\/wp-content\/uploads\/2018\/04\/1587.pdf\">aqu\u00ed<\/a> para leer la noticia publicada en el Diario de Noticias.<\/em><\/p>\n","protected":false},"excerpt":{"rendered":"<p>&nbsp; El 21 de abril se llevar\u00e1 a cabo en el Planetario de Pamplona la segunda jornada sobre multiling\u00fcismo Nuestras lenguas, otras lenguas organizada por el Departamento de Educaci\u00f3n. Contar\u00e1 con la participaci\u00f3n de catedr\u00e1ticos y ling\u00fcistas expertos en multiling\u00fcismo.<\/p>\n","protected":false},"author":1,"featured_media":0,"comment_status":"closed","ping_status":"closed","sticky":false,"template":"","format":"standard","meta":{"_genesis_hide_title":false,"_genesis_hide_breadcrumbs":false,"_genesis_hide_singular_image":false,"_genesis_hide_footer_widgets":false,"_genesis_custom_body_class":"","_genesis_custom_post_class":"","_genesis_layout":"","jetpack_post_was_ever_published":false},"categories":[1],"tags":[],"jetpack_featured_media_url":"","_links":{"self":[{"href":"https:\/\/consejoescolar.educacion.navarra.es\/web1\/wp-json\/wp\/v2\/posts\/10680"}],"collection":[{"href":"https:\/\/consejoescolar.educacion.navarra.es\/web1\/wp-json\/wp\/v2\/posts"}],"about":[{"href":"https:\/\/consejoescolar.educacion.navarra.es\/web1\/wp-json\/wp\/v2\/types\/post"}],"author":[{"embeddable":true,"href":"https:\/\/consejoescolar.educacion.navarra.es\/web1\/wp-json\/wp\/v2\/users\/1"}],"replies":[{"embeddable":true,"href":"https:\/\/consejoescolar.educacion.navarra.es\/web1\/wp-json\/wp\/v2\/comments?post=10680"}],"version-history":[{"count":9,"href":"https:\/\/consejoescolar.educacion.navarra.es\/web1\/wp-json\/wp\/v2\/posts\/10680\/revisions"}],"predecessor-version":[{"id":11525,"href":"https:\/\/consejoescolar.educacion.navarra.es\/web1\/wp-json\/wp\/v2\/posts\/10680\/revisions\/11525"}],"wp:attachment":[{"href":"https:\/\/consejoescolar.educacion.navarra.es\/web1\/wp-json\/wp\/v2\/media?parent=10680"}],"wp:term":[{"taxonomy":"category","embeddable":true,"href":"https:\/\/consejoescolar.educacion.navarra.es\/web1\/wp-json\/wp\/v2\/categories?post=10680"},{"taxonomy":"post_tag","embeddable":true,"href":"https:\/\/consejoescolar.educacion.navarra.es\/web1\/wp-json\/wp\/v2\/tags?post=10680"}],"curies":[{"name":"wp","href":"https:\/\/api.w.org\/{rel}","templated":true}]}}