{"id":10628,"date":"2018-03-01T13:48:57","date_gmt":"2018-03-01T12:48:57","guid":{"rendered":"http:\/\/consejoescolar.educacion.navarra.es\/web1\/?p=10628"},"modified":"2018-03-01T13:48:57","modified_gmt":"2018-03-01T12:48:57","slug":"ruta-botanica","status":"publish","type":"post","link":"https:\/\/consejoescolar.educacion.navarra.es\/web1\/2018\/03\/01\/ruta-botanica\/","title":{"rendered":"Ruta bot\u00e1nica"},"content":{"rendered":"<p>Es un proyecto interdisciplinar de senderismo, saber y cuidado del medio.<\/p>\n<p>Generar situaciones de ense\u00f1anza-aprendizaje bajo los principios de globalizaci\u00f3n, interdisciplinariedad, significatividad o funcionalidad es lo que pretenden con este proyecto de y para la comunidad educativa.<\/p>\n<p><!--more--><\/p>\n<p><img loading=\"lazy\" class=\"aligncenter wp-image-10629\" src=\"http:\/\/consejoescolar.educacion.navarra.es\/web1\/wp-content\/uploads\/2018\/02\/annie-spratt-177697-unsplash.jpg\" alt=\"\" width=\"500\" height=\"333\" srcset=\"https:\/\/consejoescolar.educacion.navarra.es\/web1\/wp-content\/uploads\/2018\/02\/annie-spratt-177697-unsplash.jpg 3000w, https:\/\/consejoescolar.educacion.navarra.es\/web1\/wp-content\/uploads\/2018\/02\/annie-spratt-177697-unsplash-300x200.jpg 300w, https:\/\/consejoescolar.educacion.navarra.es\/web1\/wp-content\/uploads\/2018\/02\/annie-spratt-177697-unsplash-768x512.jpg 768w, https:\/\/consejoescolar.educacion.navarra.es\/web1\/wp-content\/uploads\/2018\/02\/annie-spratt-177697-unsplash-1024x683.jpg 1024w\" sizes=\"(max-width: 500px) 100vw, 500px\" \/><\/p>\n<p>Tienen muy presente la educaci\u00f3n f\u00edsica en el medio natural, pues act\u00faa como motor e hilo conductor de aprendizajes, permitiendo desarrollar capacidades y conocimientos interdisciplinares que no pueden desplegarse en un aula convencional. Adem\u00e1s, se apoya en el resto de \u00e1reas con un enfoque globalizado, que debe caracterizar la Educaci\u00f3n Primaria, ofreciendo un c\u00famulo de oportunidades para el crecimiento y desarrollo personal.<\/p>\n<p><a href=\"http:\/\/consejoescolar.educacion.navarra.es\/web1\/wp-content\/uploads\/2018\/02\/1431.pdf\" target=\"_blank\" rel=\"noopener\">Clic aqu\u00ed<\/a> para ampliar la informaci\u00f3n.<\/p>\n","protected":false},"excerpt":{"rendered":"<p>Es un proyecto interdisciplinar de senderismo, saber y cuidado del medio. Generar situaciones de ense\u00f1anza-aprendizaje bajo los principios de globalizaci\u00f3n, interdisciplinariedad, significatividad o funcionalidad es lo que pretenden con este proyecto de y para la comunidad educativa.<\/p>\n","protected":false},"author":1,"featured_media":0,"comment_status":"closed","ping_status":"closed","sticky":false,"template":"","format":"standard","meta":{"_genesis_hide_title":false,"_genesis_hide_breadcrumbs":false,"_genesis_hide_singular_image":false,"_genesis_hide_footer_widgets":false,"_genesis_custom_body_class":"","_genesis_custom_post_class":"","_genesis_layout":"","jetpack_post_was_ever_published":false},"categories":[1],"tags":[],"jetpack_featured_media_url":"","_links":{"self":[{"href":"https:\/\/consejoescolar.educacion.navarra.es\/web1\/wp-json\/wp\/v2\/posts\/10628"}],"collection":[{"href":"https:\/\/consejoescolar.educacion.navarra.es\/web1\/wp-json\/wp\/v2\/posts"}],"about":[{"href":"https:\/\/consejoescolar.educacion.navarra.es\/web1\/wp-json\/wp\/v2\/types\/post"}],"author":[{"embeddable":true,"href":"https:\/\/consejoescolar.educacion.navarra.es\/web1\/wp-json\/wp\/v2\/users\/1"}],"replies":[{"embeddable":true,"href":"https:\/\/consejoescolar.educacion.navarra.es\/web1\/wp-json\/wp\/v2\/comments?post=10628"}],"version-history":[{"count":3,"href":"https:\/\/consejoescolar.educacion.navarra.es\/web1\/wp-json\/wp\/v2\/posts\/10628\/revisions"}],"predecessor-version":[{"id":10675,"href":"https:\/\/consejoescolar.educacion.navarra.es\/web1\/wp-json\/wp\/v2\/posts\/10628\/revisions\/10675"}],"wp:attachment":[{"href":"https:\/\/consejoescolar.educacion.navarra.es\/web1\/wp-json\/wp\/v2\/media?parent=10628"}],"wp:term":[{"taxonomy":"category","embeddable":true,"href":"https:\/\/consejoescolar.educacion.navarra.es\/web1\/wp-json\/wp\/v2\/categories?post=10628"},{"taxonomy":"post_tag","embeddable":true,"href":"https:\/\/consejoescolar.educacion.navarra.es\/web1\/wp-json\/wp\/v2\/tags?post=10628"}],"curies":[{"name":"wp","href":"https:\/\/api.w.org\/{rel}","templated":true}]}}