{"id":4731,"date":"2016-08-19T08:42:45","date_gmt":"2016-08-19T06:42:45","guid":{"rendered":"http:\/\/consejoescolar.educacion.navarra.es\/web1\/eu\/?p=4731"},"modified":"2016-08-19T08:42:45","modified_gmt":"2016-08-19T06:42:45","slug":"pause","status":"publish","type":"post","link":"https:\/\/consejoescolar.educacion.navarra.es\/web1\/eu\/2016\/08\/19\/pause\/","title":{"rendered":"Pause"},"content":{"rendered":"<p>Joan de ikasturtean hainbat ikastetxe gehitu ziren Antox elkarteak bultzatutako &#8220;Pause&#8221; programa pilotuari, teknologia berrien mendekotasunaren alderdi negatiboak prebenitzea bilatzen duena. <a href=\"http:\/\/www.calasanz.pamplona.escolapiosemaus.org\/es\/\">Calasanz-Escolapios<\/a>, <a href=\"http:\/\/sanmiguelikastetxea.blogspot.com.es\/\">San Migel<\/a> (Doneztebe), <a href=\"http:\/\/ipiesoagoitz.educacion.navarra.es\/web\/eu\/\">San Migel<\/a> (Agoitz) edo Urdiaingo (besteak beste) Hezkuntza talde eta guraso elkarteen balorazioa oso positiboa izan da eta Antoxen diziplina-anitzeko taldearen martxan jarritako esperientzia azpimarratu\u00a0dute.<\/p>\n<p><!--more--><\/p>\n<figure id=\"attachment_4733\" aria-describedby=\"caption-attachment-4733\" style=\"width: 1121px\" class=\"wp-caption aligncenter\"><img loading=\"lazy\" class=\"wp-image-4733 size-full\" src=\"http:\/\/consejoescolar.educacion.navarra.es\/web1\/wp-content\/uploads\/2016\/08\/Pause-Inma-Agoitz.jpg\" width=\"1121\" height=\"1011\" srcset=\"https:\/\/consejoescolar.educacion.navarra.es\/web1\/wp-content\/uploads\/2016\/08\/Pause-Inma-Agoitz.jpg 1121w, https:\/\/consejoescolar.educacion.navarra.es\/web1\/wp-content\/uploads\/2016\/08\/Pause-Inma-Agoitz-300x271.jpg 300w, https:\/\/consejoescolar.educacion.navarra.es\/web1\/wp-content\/uploads\/2016\/08\/Pause-Inma-Agoitz-768x693.jpg 768w, https:\/\/consejoescolar.educacion.navarra.es\/web1\/wp-content\/uploads\/2016\/08\/Pause-Inma-Agoitz-1024x924.jpg 1024w\" sizes=\"(max-width: 1121px) 100vw, 1121px\" \/><figcaption id=\"caption-attachment-4733\" class=\"wp-caption-text\">Agoizko San Migel I.P.ko zuzendaria, Antoxeko teknikariek praktika onen ziurtagiria luzatu\u00a0ondoren.<\/figcaption><\/figure>\n<p>Programa honen helburu nagusia &#8220;ikasle, familia eta hezkuntza profesionalek pause botoia saka dezaten da, herritartasun digitalean balore etikoak sustatzeko ideiarekin eta IKTren erabilera\u00a0desegokiaren inpaktua prebenitzeko&#8221;.<\/p>\n<p><em><a href=\"http:\/\/consejoescolar.educacion.navarra.es\/web1\/wp-content\/uploads\/2016\/08\/826.pdf\">Hemen<\/a> klik egin dezakezu Diario de Noticasek 2016\/08\/07an argitaratutako berria irakurtzeko eta <a href=\"http:\/\/consejoescolar.educacion.navarra.es\/web1\/wp-content\/uploads\/2016\/08\/DOSSIER-PAUSE.pdf\">hemen<\/a> Pause programari buruzko Antoxek igorritako dossier bat irakurtzeko.<\/em><\/p>\n<p>&nbsp;<\/p>\n","protected":false},"excerpt":{"rendered":"<p>Diferentes centros se sumaron en el pasado curso al programa piloto &#8220;Pause&#8221; lanzado por la asociaci\u00f3n Antox para prevenir los efectos negativos de la adicci\u00f3n de los menores  a las nuevas tecnolog\u00edas. La valoraci\u00f3n de los equipos educativos y apymas de los colegios de Calasanz-Escolapios, San Miguel (Doneztebe), San Miguel (Aoiz) o Urdiain, entre otros, fue muy positiva y resaltaron la experiencia puesta en marcha por el equipo multidisciplinar de Antox.<\/p>\n","protected":false},"author":1,"featured_media":4733,"comment_status":"closed","ping_status":"closed","sticky":false,"template":"","format":"standard","meta":{"_genesis_hide_title":false,"_genesis_hide_breadcrumbs":false,"_genesis_hide_singular_image":false,"_genesis_hide_footer_widgets":false,"_genesis_custom_body_class":"","_genesis_custom_post_class":"","_genesis_layout":"","jetpack_post_was_ever_published":false},"categories":[5],"tags":[],"jetpack_featured_media_url":"https:\/\/consejoescolar.educacion.navarra.es\/web1\/wp-content\/uploads\/2016\/08\/Pause-Inma-Agoitz.jpg","_links":{"self":[{"href":"https:\/\/consejoescolar.educacion.navarra.es\/web1\/eu\/wp-json\/wp\/v2\/posts\/4731"}],"collection":[{"href":"https:\/\/consejoescolar.educacion.navarra.es\/web1\/eu\/wp-json\/wp\/v2\/posts"}],"about":[{"href":"https:\/\/consejoescolar.educacion.navarra.es\/web1\/eu\/wp-json\/wp\/v2\/types\/post"}],"author":[{"embeddable":true,"href":"https:\/\/consejoescolar.educacion.navarra.es\/web1\/eu\/wp-json\/wp\/v2\/users\/1"}],"replies":[{"embeddable":true,"href":"https:\/\/consejoescolar.educacion.navarra.es\/web1\/eu\/wp-json\/wp\/v2\/comments?post=4731"}],"version-history":[{"count":12,"href":"https:\/\/consejoescolar.educacion.navarra.es\/web1\/eu\/wp-json\/wp\/v2\/posts\/4731\/revisions"}],"predecessor-version":[{"id":4760,"href":"https:\/\/consejoescolar.educacion.navarra.es\/web1\/eu\/wp-json\/wp\/v2\/posts\/4731\/revisions\/4760"}],"wp:featuredmedia":[{"embeddable":true,"href":"https:\/\/consejoescolar.educacion.navarra.es\/web1\/eu\/wp-json\/wp\/v2\/media\/4733"}],"wp:attachment":[{"href":"https:\/\/consejoescolar.educacion.navarra.es\/web1\/eu\/wp-json\/wp\/v2\/media?parent=4731"}],"wp:term":[{"taxonomy":"category","embeddable":true,"href":"https:\/\/consejoescolar.educacion.navarra.es\/web1\/eu\/wp-json\/wp\/v2\/categories?post=4731"},{"taxonomy":"post_tag","embeddable":true,"href":"https:\/\/consejoescolar.educacion.navarra.es\/web1\/eu\/wp-json\/wp\/v2\/tags?post=4731"}],"curies":[{"name":"wp","href":"https:\/\/api.w.org\/{rel}","templated":true}]}}